{"id":318,"date":"2021-05-24T11:48:00","date_gmt":"2021-05-24T14:48:00","guid":{"rendered":"https:\/\/vaitempero.com\/?p=318"},"modified":"2021-05-24T09:42:09","modified_gmt":"2021-05-24T12:42:09","slug":"dia-nacional-do-cafe-pudim-de-cafe","status":"publish","type":"post","link":"https:\/\/vaitempero.com\/?p=318","title":{"rendered":"Dia nacional do caf\u00e9: Pudim de caf\u00e9"},"content":{"rendered":"\n<figure class=\"wp-block-embed is-type-video is-provider-youtube wp-block-embed-youtube wp-embed-aspect-16-9 wp-has-aspect-ratio\"><div class=\"wp-block-embed__wrapper\">\n<div class=\"ast-oembed-container \" style=\"height: 100%;\"><iframe loading=\"lazy\" title=\"Pudim de caf\u00e9 f\u00e1cil e delicioso\" width=\"500\" height=\"281\" src=\"https:\/\/www.youtube.com\/embed\/-WuN1SQ8grg?feature=oembed\" frameborder=\"0\" allow=\"accelerometer; autoplay; clipboard-write; encrypted-media; gyroscope; picture-in-picture; web-share\" referrerpolicy=\"strict-origin-when-cross-origin\" allowfullscreen><\/iframe><\/div>\n<\/div><\/figure>\n\n\n\n<p>Forma de pudim: <a href=\"https:\/\/bit.ly\/3hLanHm\" target=\"_blank\" rel=\"noreferrer noopener\">https:\/\/bit.ly\/3hLanHm<\/a><br>Curso: Doces Gourmet Lucrativos: <a href=\"https:\/\/go.hotmart.com\/P46923418N\" target=\"_blank\" rel=\"noreferrer noopener\">https:\/\/go.hotmart.com\/P46923418N<\/a><\/p>\n\n\n\n<h2 class=\"wp-block-heading\">Ingredientes<\/h2>\n\n\n\n<h3 class=\"wp-block-heading\">Calda<\/h3>\n\n\n\n<p>A\u00e7\u00facar: 1 x\u00edcara<br>\u00c1gua: 1 x\u00edcara<\/p>\n\n\n\n<h3 class=\"wp-block-heading\">Pudim<\/h3>\n\n\n\n<p>Leite: 305 ml \/ \u2248 1 1\/4 x\u00edcaras<br>Caf\u00e9 sol\u00favel: 2 colheres de sopa<br>Leite condensado: 395 g \/ \u2248 1 1\/4 x\u00edcaras<br>Cacau em p\u00f3: 1 colher de sopa<br>Ovo: 3 unidades<\/p>\n\n\n\n<h2 class=\"wp-block-heading\">Modo de fazer<\/h2>\n\n\n\n<h3 class=\"wp-block-heading\">Calda<\/h3>\n\n\n\n<p>Despeje o a\u00e7\u00facar e a \u00e1gua em uma panela e deixe em fogo baixo at\u00e9 ficar com cor de caramelo<\/p>\n\n\n\n<h3 class=\"wp-block-heading\">Pudim<\/h3>\n\n\n\n<p>Bate os ingredientes do pudim em um liquidificador.<br>Despeje a calda na forma e gire para espalhar nas laterais.<br>Despeje o pudim na forma.<br>Tampe com papel alum\u00ednio e asse em banho-maria no forno pr\u00e9-aquecido em 180\u00b0 C por 30 a 40 minutos.<br>Deixe esfriar, leve para geladeira por 3 a 4 horas e desinforme.<\/p>\n","protected":false},"excerpt":{"rendered":"<p>Forma de pudim: https:\/\/bit.ly\/3hLanHmCurso: Doces Gourmet Lucrativos: https:\/\/go.hotmart.com\/P46923418N Ingredientes Calda A\u00e7\u00facar: 1 x\u00edcara\u00c1gua: 1 x\u00edcara Pudim Leite: 305 ml \/ \u2248 1 1\/4 x\u00edcarasCaf\u00e9 sol\u00favel: 2 colheres de sopaLeite condensado: 395 g \/ \u2248 1 1\/4 x\u00edcarasCacau em p\u00f3: 1 colher de sopaOvo: 3 unidades Modo de fazer Calda Despeje o a\u00e7\u00facar e a \u00e1gua [&hellip;]<\/p>\n","protected":false},"author":1,"featured_media":319,"comment_status":"open","ping_status":"open","sticky":false,"template":"","format":"standard","meta":{"site-sidebar-layout":"default","site-content-layout":"default","ast-site-content-layout":"default","site-content-style":"default","site-sidebar-style":"default","ast-global-header-display":"","ast-banner-title-visibility":"","ast-main-header-display":"","ast-hfb-above-header-display":"","ast-hfb-below-header-display":"","ast-hfb-mobile-header-display":"","site-post-title":"","ast-breadcrumbs-content":"","ast-featured-img":"","footer-sml-layout":"","theme-transparent-header-meta":"default","adv-header-id-meta":"","stick-header-meta":"","header-above-stick-meta":"","header-main-stick-meta":"","header-below-stick-meta":"","astra-migrate-meta-layouts":"default","ast-page-background-enabled":"default","ast-page-background-meta":{"desktop":{"background-color":"","background-image":"","background-repeat":"repeat","background-position":"center center","background-size":"auto","background-attachment":"scroll","background-type":"","background-media":"","overlay-type":"","overlay-color":"","overlay-opacity":"","overlay-gradient":""},"tablet":{"background-color":"","background-image":"","background-repeat":"repeat","background-position":"center center","background-size":"auto","background-attachment":"scroll","background-type":"","background-media":"","overlay-type":"","overlay-color":"","overlay-opacity":"","overlay-gradient":""},"mobile":{"background-color":"","background-image":"","background-repeat":"repeat","background-position":"center center","background-size":"auto","background-attachment":"scroll","background-type":"","background-media":"","overlay-type":"","overlay-color":"","overlay-opacity":"","overlay-gradient":""}},"ast-content-background-meta":{"desktop":{"background-color":"var(--ast-global-color-5)","background-image":"","background-repeat":"repeat","background-position":"center center","background-size":"auto","background-attachment":"scroll","background-type":"","background-media":"","overlay-type":"","overlay-color":"","overlay-opacity":"","overlay-gradient":""},"tablet":{"background-color":"var(--ast-global-color-5)","background-image":"","background-repeat":"repeat","background-position":"center center","background-size":"auto","background-attachment":"scroll","background-type":"","background-media":"","overlay-type":"","overlay-color":"","overlay-opacity":"","overlay-gradient":""},"mobile":{"background-color":"var(--ast-global-color-5)","background-image":"","background-repeat":"repeat","background-position":"center center","background-size":"auto","background-attachment":"scroll","background-type":"","background-media":"","overlay-type":"","overlay-color":"","overlay-opacity":"","overlay-gradient":""}},"_jetpack_memberships_contains_paid_content":false,"footnotes":""},"categories":[19,116],"tags":[],"class_list":["post-318","post","type-post","status-publish","format-standard","has-post-thumbnail","hentry","category-receitas","category-receitas-doces"],"aioseo_notices":[],"jetpack_featured_media_url":"https:\/\/i0.wp.com\/vaitempero.com\/wp-content\/uploads\/2021\/05\/Miniatura-2.png?fit=1280%2C720&ssl=1","jetpack-related-posts":[{"id":549,"url":"https:\/\/vaitempero.com\/?p=549","url_meta":{"origin":318,"position":0},"title":"Kazandibi: O Famoso Pudim Turco Que Carameliza na Panela","author":"Vai Tempero","date":"19 de setembro de 2022","format":false,"excerpt":"Descubra o Kazandibi, uma das sobremesas mais famosas da Turquia, com uma hist\u00f3ria que remonta aos pal\u00e1cios do Imp\u00e9rio Otomano. O grande diferencial desta receita \u00e9 sua t\u00e9cnica \u00fanica de caramelizar o fundo do pudim diretamente sobre o fogo, criando uma camada queimada deliciosa e uma textura inesquec\u00edvel. https:\/\/youtu.be\/pHDH-v_UinQ?cc_load_policy=1 Ingredientes\u2026","rel":"","context":"Em &quot;Culin\u00e1ria turca&quot;","block_context":{"text":"Culin\u00e1ria turca","link":"https:\/\/vaitempero.com\/?cat=249"},"img":{"alt_text":"","src":"https:\/\/i0.wp.com\/vaitempero.com\/wp-content\/uploads\/2025\/08\/maxresdefault-1-1.webp?fit=1200%2C675&ssl=1&resize=350%2C200","width":350,"height":200,"srcset":"https:\/\/i0.wp.com\/vaitempero.com\/wp-content\/uploads\/2025\/08\/maxresdefault-1-1.webp?fit=1200%2C675&ssl=1&resize=350%2C200 1x, https:\/\/i0.wp.com\/vaitempero.com\/wp-content\/uploads\/2025\/08\/maxresdefault-1-1.webp?fit=1200%2C675&ssl=1&resize=525%2C300 1.5x, https:\/\/i0.wp.com\/vaitempero.com\/wp-content\/uploads\/2025\/08\/maxresdefault-1-1.webp?fit=1200%2C675&ssl=1&resize=700%2C400 2x, https:\/\/i0.wp.com\/vaitempero.com\/wp-content\/uploads\/2025\/08\/maxresdefault-1-1.webp?fit=1200%2C675&ssl=1&resize=1050%2C600 3x"},"classes":[]},{"id":353,"url":"https:\/\/vaitempero.com\/?p=353","url_meta":{"origin":318,"position":1},"title":"Canjica\/ mungunz\u00e1 \/ ch\u00e1-de-burro (doce)","author":"Vai Tempero","date":"7 de junho de 2021","format":false,"excerpt":"https:\/\/youtu.be\/c3yg9pZffYI?cc_load_policy=1 Loja do Vai Tempero: https:\/\/www.magazinevoce.com.br\/magazinevaiTempero\/Curso: Doces Gourmet Lucrativos: https:\/\/go.hotmart.com\/P46923418N Ingredientes Canjica branca: 250 g\u00c1gua: 1,5 LManteiga sem sal: 1\/2 colher de sopaLeite condensado: 1 caixa de 395 gLeite: 500 mlAmendoim triturado: 1\/2 x\u00edcara Como fazer Deixar a canjica de molho de um dia para o outro.Descartar a \u00e1gua e\u2026","rel":"","context":"Em &quot;Culin\u00e1ria brasileira&quot;","block_context":{"text":"Culin\u00e1ria brasileira","link":"https:\/\/vaitempero.com\/?cat=112"},"img":{"alt_text":"","src":"https:\/\/i0.wp.com\/vaitempero.com\/wp-content\/uploads\/2021\/06\/Miniatura.png?fit=1200%2C675&ssl=1&resize=350%2C200","width":350,"height":200,"srcset":"https:\/\/i0.wp.com\/vaitempero.com\/wp-content\/uploads\/2021\/06\/Miniatura.png?fit=1200%2C675&ssl=1&resize=350%2C200 1x, https:\/\/i0.wp.com\/vaitempero.com\/wp-content\/uploads\/2021\/06\/Miniatura.png?fit=1200%2C675&ssl=1&resize=525%2C300 1.5x, https:\/\/i0.wp.com\/vaitempero.com\/wp-content\/uploads\/2021\/06\/Miniatura.png?fit=1200%2C675&ssl=1&resize=700%2C400 2x, https:\/\/i0.wp.com\/vaitempero.com\/wp-content\/uploads\/2021\/06\/Miniatura.png?fit=1200%2C675&ssl=1&resize=1050%2C600 3x"},"classes":[]},{"id":382,"url":"https:\/\/vaitempero.com\/?p=382","url_meta":{"origin":318,"position":2},"title":"Arroz doce cremoso caramelado","author":"Vai Tempero","date":"28 de junho de 2021","format":false,"excerpt":"https:\/\/youtu.be\/4oeYGVlzAac?cc_load_policy=1 Loja do Vai Tempero: https:\/\/www.magazinevoce.com.br\/magazinevaiTempero Ingredientes \u00c1gua: 3 x\u00edcarasArroz: 1 x\u00edcaraLeite: 3 x\u00edcarasCanela em pau a gosto (opcional)A\u00e7\u00facar: 1 x\u00edcara de a\u00e7\u00facar (1 \u00bd se quiser mais doce) Como fazer Ferver o arroz com \u00e1gua at\u00e9 quase secar.Acrescentar o leite e cozinhar at\u00e9 o arroz ficar al dente.Deixar o\u2026","rel":"","context":"Em &quot;Festa Junina&quot;","block_context":{"text":"Festa Junina","link":"https:\/\/vaitempero.com\/?cat=300"},"img":{"alt_text":"","src":"https:\/\/i0.wp.com\/vaitempero.com\/wp-content\/uploads\/2021\/09\/Miniatura-2.png?fit=1200%2C675&ssl=1&resize=350%2C200","width":350,"height":200,"srcset":"https:\/\/i0.wp.com\/vaitempero.com\/wp-content\/uploads\/2021\/09\/Miniatura-2.png?fit=1200%2C675&ssl=1&resize=350%2C200 1x, https:\/\/i0.wp.com\/vaitempero.com\/wp-content\/uploads\/2021\/09\/Miniatura-2.png?fit=1200%2C675&ssl=1&resize=525%2C300 1.5x, https:\/\/i0.wp.com\/vaitempero.com\/wp-content\/uploads\/2021\/09\/Miniatura-2.png?fit=1200%2C675&ssl=1&resize=700%2C400 2x, https:\/\/i0.wp.com\/vaitempero.com\/wp-content\/uploads\/2021\/09\/Miniatura-2.png?fit=1200%2C675&ssl=1&resize=1050%2C600 3x"},"classes":[]},{"id":322,"url":"https:\/\/vaitempero.com\/?p=322","url_meta":{"origin":318,"position":3},"title":"O melhor bolo de fub\u00e1","author":"Vai Tempero","date":"31 de maio de 2021","format":false,"excerpt":"https:\/\/youtu.be\/KjDx1mJr4rc?cc_load_policy=1 Multiprocessador: https:\/\/bit.ly\/3anUwKrCurso: Doces Gourmet Lucrativos: https:\/\/go.hotmart.com\/P46923418N Ingredientes Ovos: 2 unidades\u00d3leo vegetal: 1\/2 x\u00edcara \/ 120 ml \/ 4 fl ozLeite: 1 x\u00edcara \/ 240 ml \/ 8 fl ozSal: 1 pitadaA\u00e7\u00facar: 1 x\u00edcara \/ 200 g \/ 7 ozFarinha: 1 x\u00edcara \/ 120 g \/ 4.2 ozFub\u00e1: 1 x\u00edcara\u2026","rel":"","context":"Em &quot;Culin\u00e1ria brasileira&quot;","block_context":{"text":"Culin\u00e1ria brasileira","link":"https:\/\/vaitempero.com\/?cat=112"},"img":{"alt_text":"","src":"https:\/\/i0.wp.com\/vaitempero.com\/wp-content\/uploads\/2021\/05\/Miniatura-3.png?fit=1200%2C675&ssl=1&resize=350%2C200","width":350,"height":200,"srcset":"https:\/\/i0.wp.com\/vaitempero.com\/wp-content\/uploads\/2021\/05\/Miniatura-3.png?fit=1200%2C675&ssl=1&resize=350%2C200 1x, https:\/\/i0.wp.com\/vaitempero.com\/wp-content\/uploads\/2021\/05\/Miniatura-3.png?fit=1200%2C675&ssl=1&resize=525%2C300 1.5x, https:\/\/i0.wp.com\/vaitempero.com\/wp-content\/uploads\/2021\/05\/Miniatura-3.png?fit=1200%2C675&ssl=1&resize=700%2C400 2x, https:\/\/i0.wp.com\/vaitempero.com\/wp-content\/uploads\/2021\/05\/Miniatura-3.png?fit=1200%2C675&ssl=1&resize=1050%2C600 3x"},"classes":[]},{"id":484,"url":"https:\/\/vaitempero.com\/?p=484","url_meta":{"origin":318,"position":4},"title":"Uma receita f\u00e1cil e deliciosa de pa\u00e7oca com apenas 3 ingredientes","author":"Vai Tempero","date":"24 de junho de 2022","format":false,"excerpt":"https:\/\/youtu.be\/6BhNPUSLlik?cc_load_policy=1 Ingredientes Amendoim torrado sem pele: 2 x\u00edcarasA\u00e7\u00facar refinado: 1 x\u00edcara1 pitada de sal Multiprocessador (Magazine Luiza): https:\/\/bit.ly\/3mAsktFMultiprocessador (Amazon): https:\/\/amzn.to\/3xiObe8 Como fazer Coloque todos os ingredientes no processadorTriture no processador at\u00e9 conseguir apertar com a m\u00e3o e manter a formaDespeje em uma forma\/assadeiraModele na espessura desejadaLeve para geladeira por 20\u2026","rel":"","context":"Em &quot;Culin\u00e1ria brasileira&quot;","block_context":{"text":"Culin\u00e1ria brasileira","link":"https:\/\/vaitempero.com\/?cat=112"},"img":{"alt_text":"","src":"https:\/\/i0.wp.com\/vaitempero.com\/wp-content\/uploads\/2022\/06\/Miniatura-2.png?fit=1200%2C675&ssl=1&resize=350%2C200","width":350,"height":200,"srcset":"https:\/\/i0.wp.com\/vaitempero.com\/wp-content\/uploads\/2022\/06\/Miniatura-2.png?fit=1200%2C675&ssl=1&resize=350%2C200 1x, https:\/\/i0.wp.com\/vaitempero.com\/wp-content\/uploads\/2022\/06\/Miniatura-2.png?fit=1200%2C675&ssl=1&resize=525%2C300 1.5x, https:\/\/i0.wp.com\/vaitempero.com\/wp-content\/uploads\/2022\/06\/Miniatura-2.png?fit=1200%2C675&ssl=1&resize=700%2C400 2x, https:\/\/i0.wp.com\/vaitempero.com\/wp-content\/uploads\/2022\/06\/Miniatura-2.png?fit=1200%2C675&ssl=1&resize=1050%2C600 3x"},"classes":[]},{"id":385,"url":"https:\/\/vaitempero.com\/?p=385","url_meta":{"origin":318,"position":5},"title":"Amendoim doce crocante \/ Amendoim cri cri","author":"Vai Tempero","date":"1 de julho de 2021","format":false,"excerpt":"https:\/\/youtu.be\/jFEqgS13XuE?cc_load_policy=1 Loja do Vai Tempero: https:\/\/www.magazinevoce.com.br\/magazinevaiTempero Ingredientes Amendoim cru com pele: 500grA\u00e7\u00facar: 2 x\u00edcarasFermento em p\u00f3: 1 colher de sopa\u00c1gua: 2 x\u00edcaras Modo de fazer Despeje todos os ingredientes em uma panela.Leve ao fogo e mexa de vez em quando para n\u00e3o grudar.Quando secar bem o l\u00edquido, mexa sem parar.Quando\u2026","rel":"","context":"Em &quot;Festa Junina&quot;","block_context":{"text":"Festa Junina","link":"https:\/\/vaitempero.com\/?cat=300"},"img":{"alt_text":"","src":"https:\/\/i0.wp.com\/vaitempero.com\/wp-content\/uploads\/2021\/09\/Miniatura-3.png?fit=1200%2C675&ssl=1&resize=350%2C200","width":350,"height":200,"srcset":"https:\/\/i0.wp.com\/vaitempero.com\/wp-content\/uploads\/2021\/09\/Miniatura-3.png?fit=1200%2C675&ssl=1&resize=350%2C200 1x, https:\/\/i0.wp.com\/vaitempero.com\/wp-content\/uploads\/2021\/09\/Miniatura-3.png?fit=1200%2C675&ssl=1&resize=525%2C300 1.5x, https:\/\/i0.wp.com\/vaitempero.com\/wp-content\/uploads\/2021\/09\/Miniatura-3.png?fit=1200%2C675&ssl=1&resize=700%2C400 2x, https:\/\/i0.wp.com\/vaitempero.com\/wp-content\/uploads\/2021\/09\/Miniatura-3.png?fit=1200%2C675&ssl=1&resize=1050%2C600 3x"},"classes":[]}],"jetpack_sharing_enabled":true,"_links":{"self":[{"href":"https:\/\/vaitempero.com\/index.php?rest_route=\/wp\/v2\/posts\/318","targetHints":{"allow":["GET"]}}],"collection":[{"href":"https:\/\/vaitempero.com\/index.php?rest_route=\/wp\/v2\/posts"}],"about":[{"href":"https:\/\/vaitempero.com\/index.php?rest_route=\/wp\/v2\/types\/post"}],"author":[{"embeddable":true,"href":"https:\/\/vaitempero.com\/index.php?rest_route=\/wp\/v2\/users\/1"}],"replies":[{"embeddable":true,"href":"https:\/\/vaitempero.com\/index.php?rest_route=%2Fwp%2Fv2%2Fcomments&post=318"}],"version-history":[{"count":1,"href":"https:\/\/vaitempero.com\/index.php?rest_route=\/wp\/v2\/posts\/318\/revisions"}],"predecessor-version":[{"id":320,"href":"https:\/\/vaitempero.com\/index.php?rest_route=\/wp\/v2\/posts\/318\/revisions\/320"}],"wp:featuredmedia":[{"embeddable":true,"href":"https:\/\/vaitempero.com\/index.php?rest_route=\/wp\/v2\/media\/319"}],"wp:attachment":[{"href":"https:\/\/vaitempero.com\/index.php?rest_route=%2Fwp%2Fv2%2Fmedia&parent=318"}],"wp:term":[{"taxonomy":"category","embeddable":true,"href":"https:\/\/vaitempero.com\/index.php?rest_route=%2Fwp%2Fv2%2Fcategories&post=318"},{"taxonomy":"post_tag","embeddable":true,"href":"https:\/\/vaitempero.com\/index.php?rest_route=%2Fwp%2Fv2%2Ftags&post=318"}],"curies":[{"name":"wp","href":"https:\/\/api.w.org\/{rel}","templated":true}]}}