{"id":376,"date":"2021-06-21T22:38:00","date_gmt":"2021-06-22T01:38:00","guid":{"rendered":"https:\/\/vaitempero.com\/?p=376"},"modified":"2022-05-05T21:51:51","modified_gmt":"2022-05-06T00:51:51","slug":"bolo-de-milho-verde-sem-farinha-e-sem-ovos","status":"publish","type":"post","link":"https:\/\/vaitempero.com\/?p=376","title":{"rendered":"Bolo de milho verde sem farinha e sem ovos"},"content":{"rendered":"\n<figure class=\"wp-block-embed is-type-video is-provider-youtube wp-block-embed-youtube wp-embed-aspect-16-9 wp-has-aspect-ratio\"><div class=\"wp-block-embed__wrapper\">\n<div class=\"ast-oembed-container \" style=\"height: 100%;\"><iframe loading=\"lazy\" title=\"Bolo de milho verde sem farinha e sem ovos\" width=\"500\" height=\"281\" src=\"https:\/\/www.youtube.com\/embed\/cWM2s7mmZDc?feature=oembed\" frameborder=\"0\" allow=\"accelerometer; autoplay; clipboard-write; encrypted-media; gyroscope; picture-in-picture; web-share\" referrerpolicy=\"strict-origin-when-cross-origin\" allowfullscreen><\/iframe><\/div>\n<\/div><\/figure>\n\n\n\n<p>Loja do Vai Tempero: <a href=\"https:\/\/www.magazinevoce.com.br\/magazinevaiTempero\" target=\"_blank\" rel=\"noreferrer noopener\">https:\/\/www.magazinevoce.com.br\/magazinevaiTempero<\/a><\/p>\n\n\n\n<p>Ingredientes<\/p>\n\n\n\n<p>Espigas de milho: cerca de 30 espigas<br>Leite: \u00bd x\u00edcara<br>A\u00e7\u00facar: 1 \u00bd x\u00edcara<br>Sal: 1 colher de ch\u00e1<br>\u00d3leo ou banha: 3 colheres de sopa<\/p>\n\n\n\n<p>Como fazer<\/p>\n\n\n\n<p>Rale o milho<br>Raspe as espigas<br>Acrescente os outros ingredientes e misture<br>Unte uma assadeira com \u00f3leo ou banha derretida.<br>Leve ao forno preaquecido em 180\u00b0 C por 40 minutos ou at\u00e9 ficar bem assado.<\/p>\n","protected":false},"excerpt":{"rendered":"<p>Loja do Vai Tempero: https:\/\/www.magazinevoce.com.br\/magazinevaiTempero Ingredientes Espigas de milho: cerca de 30 espigasLeite: \u00bd x\u00edcaraA\u00e7\u00facar: 1 \u00bd x\u00edcaraSal: 1 colher de ch\u00e1\u00d3leo ou banha: 3 colheres de sopa Como fazer Rale o milhoRaspe as espigasAcrescente os outros ingredientes e mistureUnte uma assadeira com \u00f3leo ou banha derretida.Leve ao forno preaquecido em 180\u00b0 C por 40 [&hellip;]<\/p>\n","protected":false},"author":1,"featured_media":377,"comment_status":"open","ping_status":"open","sticky":false,"template":"","format":"standard","meta":{"site-sidebar-layout":"default","site-content-layout":"default","ast-site-content-layout":"default","site-content-style":"default","site-sidebar-style":"default","ast-global-header-display":"","ast-banner-title-visibility":"","ast-main-header-display":"","ast-hfb-above-header-display":"","ast-hfb-below-header-display":"","ast-hfb-mobile-header-display":"","site-post-title":"","ast-breadcrumbs-content":"","ast-featured-img":"","footer-sml-layout":"","theme-transparent-header-meta":"default","adv-header-id-meta":"","stick-header-meta":"","header-above-stick-meta":"","header-main-stick-meta":"","header-below-stick-meta":"","astra-migrate-meta-layouts":"default","ast-page-background-enabled":"default","ast-page-background-meta":{"desktop":{"background-color":"","background-image":"","background-repeat":"repeat","background-position":"center center","background-size":"auto","background-attachment":"scroll","background-type":"","background-media":"","overlay-type":"","overlay-color":"","overlay-opacity":"","overlay-gradient":""},"tablet":{"background-color":"","background-image":"","background-repeat":"repeat","background-position":"center center","background-size":"auto","background-attachment":"scroll","background-type":"","background-media":"","overlay-type":"","overlay-color":"","overlay-opacity":"","overlay-gradient":""},"mobile":{"background-color":"","background-image":"","background-repeat":"repeat","background-position":"center center","background-size":"auto","background-attachment":"scroll","background-type":"","background-media":"","overlay-type":"","overlay-color":"","overlay-opacity":"","overlay-gradient":""}},"ast-content-background-meta":{"desktop":{"background-color":"var(--ast-global-color-5)","background-image":"","background-repeat":"repeat","background-position":"center center","background-size":"auto","background-attachment":"scroll","background-type":"","background-media":"","overlay-type":"","overlay-color":"","overlay-opacity":"","overlay-gradient":""},"tablet":{"background-color":"var(--ast-global-color-5)","background-image":"","background-repeat":"repeat","background-position":"center center","background-size":"auto","background-attachment":"scroll","background-type":"","background-media":"","overlay-type":"","overlay-color":"","overlay-opacity":"","overlay-gradient":""},"mobile":{"background-color":"var(--ast-global-color-5)","background-image":"","background-repeat":"repeat","background-position":"center center","background-size":"auto","background-attachment":"scroll","background-type":"","background-media":"","overlay-type":"","overlay-color":"","overlay-opacity":"","overlay-gradient":""}},"_jetpack_memberships_contains_paid_content":false,"footnotes":""},"categories":[112,300,19,116],"tags":[],"class_list":["post-376","post","type-post","status-publish","format-standard","has-post-thumbnail","hentry","category-culinaria-brasileira","category-festa-junina","category-receitas","category-receitas-doces"],"aioseo_notices":[],"jetpack_featured_media_url":"https:\/\/i0.wp.com\/vaitempero.com\/wp-content\/uploads\/2021\/09\/Miniatura.png?fit=1280%2C720&ssl=1","jetpack-related-posts":[{"id":308,"url":"https:\/\/vaitempero.com\/?p=308","url_meta":{"origin":376,"position":0},"title":"Chips de tortilla para nacho | Receita vegetariana \/ vegana","author":"Vai Tempero","date":"6 de maio de 2021","format":false,"excerpt":"https:\/\/youtu.be\/VpOYI5G-T9Y?cc_load_policy=1 Loja do Vai Tempero: https:\/\/www.magazinevoce.com.br\/magazinevaiTempero\/E-book:Queria Ser Vegan: https:\/\/go.hotmart.com\/P46922848R?dp=1 Ingredientes Fub\u00e1 ou farinha de milho: 1\/2 x\u00edcaraFarinha de trigo: 1\/2 x\u00edcaraP\u00e1prica defumada ou picante: 1 colher de sopaSal a gosto\u00c1gua: 4 a 6 colheres Como fazer Adicione todos os ingredientes secos em uma tigela e misture.Adicione 4 colheres de \u00e1gua\u2026","rel":"","context":"Em &quot;Receitas&quot;","block_context":{"text":"Receitas","link":"https:\/\/vaitempero.com\/?cat=19"},"img":{"alt_text":"","src":"https:\/\/i0.wp.com\/vaitempero.com\/wp-content\/uploads\/2021\/05\/Miniatura.png?fit=1200%2C675&ssl=1&resize=350%2C200","width":350,"height":200,"srcset":"https:\/\/i0.wp.com\/vaitempero.com\/wp-content\/uploads\/2021\/05\/Miniatura.png?fit=1200%2C675&ssl=1&resize=350%2C200 1x, https:\/\/i0.wp.com\/vaitempero.com\/wp-content\/uploads\/2021\/05\/Miniatura.png?fit=1200%2C675&ssl=1&resize=525%2C300 1.5x, https:\/\/i0.wp.com\/vaitempero.com\/wp-content\/uploads\/2021\/05\/Miniatura.png?fit=1200%2C675&ssl=1&resize=700%2C400 2x, https:\/\/i0.wp.com\/vaitempero.com\/wp-content\/uploads\/2021\/05\/Miniatura.png?fit=1200%2C675&ssl=1&resize=1050%2C600 3x"},"classes":[]},{"id":361,"url":"https:\/\/vaitempero.com\/?p=361","url_meta":{"origin":376,"position":1},"title":"Canjica \/ mungunz\u00e1 salgado delicioso","author":"Vai Tempero","date":"14 de junho de 2021","format":false,"excerpt":"https:\/\/youtu.be\/YWLFgqGt5hQ?cc_load_policy=1 Loja do Vai Tempero: https:\/\/www.magazinevoce.com.br\/magazinevaiTempero\/Receitas Para Secar em 30 Dias 2.0: https:\/\/go.hotmart.com\/U46907312P O mungunz\u00e1 \u00e9 comum em v\u00e1rias partes do pa\u00eds, tendo denomina\u00e7\u00f5es e preparos diferentes. H\u00e1 inclusive duas vers\u00f5es salgadas: uma com milho e outra com milho e feij\u00e3o encontradas no sul do Cear\u00e1 e oeste dos estados\u2026","rel":"","context":"Em &quot;Culin\u00e1ria brasileira&quot;","block_context":{"text":"Culin\u00e1ria brasileira","link":"https:\/\/vaitempero.com\/?cat=112"},"img":{"alt_text":"","src":"https:\/\/i0.wp.com\/vaitempero.com\/wp-content\/uploads\/2021\/06\/Miniatura-1.png?fit=1200%2C675&ssl=1&resize=350%2C200","width":350,"height":200,"srcset":"https:\/\/i0.wp.com\/vaitempero.com\/wp-content\/uploads\/2021\/06\/Miniatura-1.png?fit=1200%2C675&ssl=1&resize=350%2C200 1x, https:\/\/i0.wp.com\/vaitempero.com\/wp-content\/uploads\/2021\/06\/Miniatura-1.png?fit=1200%2C675&ssl=1&resize=525%2C300 1.5x, https:\/\/i0.wp.com\/vaitempero.com\/wp-content\/uploads\/2021\/06\/Miniatura-1.png?fit=1200%2C675&ssl=1&resize=700%2C400 2x, https:\/\/i0.wp.com\/vaitempero.com\/wp-content\/uploads\/2021\/06\/Miniatura-1.png?fit=1200%2C675&ssl=1&resize=1050%2C600 3x"},"classes":[]},{"id":300,"url":"https:\/\/vaitempero.com\/?p=300","url_meta":{"origin":376,"position":2},"title":"Yakisoba de legumes","author":"Vai Tempero","date":"26 de abril de 2021","format":false,"excerpt":"https:\/\/youtu.be\/FdQGFt_fHcg?cc_load_policy=1 S\u014dsu yakissoba\u00a0(\u30bd\u30fc\u30b9\u713c\u304d\u305d\u3070), tamb\u00e9m conhecido por\u00a0yakisoba\u00a0(\u713c\u304d\u305d\u3070), \u00e9 um prato de origem japonesa, cujo nome significa, literalmente, \"macarr\u00e3o\u00a0de\u00a0sob\u00e1\u00a0frito\". Apesar de muitos acreditarem que sua origem seja na\u00a0China, a receita foi criada no Jap\u00e3o, o que geralmente confunde as pessoas \u00e9 o fato do macarr\u00e3o ter sido inventado na China, entretanto isso\u2026","rel":"","context":"Em &quot;Culin\u00e1ria japonesa&quot;","block_context":{"text":"Culin\u00e1ria japonesa","link":"https:\/\/vaitempero.com\/?cat=110"},"img":{"alt_text":"","src":"https:\/\/i0.wp.com\/vaitempero.com\/wp-content\/uploads\/2021\/04\/Miniatura-3.png?fit=1200%2C675&ssl=1&resize=350%2C200","width":350,"height":200,"srcset":"https:\/\/i0.wp.com\/vaitempero.com\/wp-content\/uploads\/2021\/04\/Miniatura-3.png?fit=1200%2C675&ssl=1&resize=350%2C200 1x, https:\/\/i0.wp.com\/vaitempero.com\/wp-content\/uploads\/2021\/04\/Miniatura-3.png?fit=1200%2C675&ssl=1&resize=525%2C300 1.5x, https:\/\/i0.wp.com\/vaitempero.com\/wp-content\/uploads\/2021\/04\/Miniatura-3.png?fit=1200%2C675&ssl=1&resize=700%2C400 2x, https:\/\/i0.wp.com\/vaitempero.com\/wp-content\/uploads\/2021\/04\/Miniatura-3.png?fit=1200%2C675&ssl=1&resize=1050%2C600 3x"},"classes":[]},{"id":294,"url":"https:\/\/vaitempero.com\/?p=294","url_meta":{"origin":376,"position":3},"title":"Yakisoba de frango","author":"Vai Tempero","date":"26 de abril de 2021","format":false,"excerpt":"https:\/\/youtu.be\/CADU-buI-6o?cc_load_policy=1 S\u014dsu yakissoba\u00a0(\u30bd\u30fc\u30b9\u713c\u304d\u305d\u3070), tamb\u00e9m conhecido por\u00a0yakisoba\u00a0(\u713c\u304d\u305d\u3070), \u00e9 um prato de origem japonesa, cujo nome significa, literalmente, \"macarr\u00e3o\u00a0de\u00a0sob\u00e1\u00a0frito\". Apesar de muitos acreditarem que sua origem seja na\u00a0China, a receita foi criada no Jap\u00e3o, o que geralmente confunde as pessoas \u00e9 o fato do macarr\u00e3o ter sido inventado na China, entretanto isso\u2026","rel":"","context":"Em &quot;Culin\u00e1ria japonesa&quot;","block_context":{"text":"Culin\u00e1ria japonesa","link":"https:\/\/vaitempero.com\/?cat=110"},"img":{"alt_text":"","src":"https:\/\/i0.wp.com\/vaitempero.com\/wp-content\/uploads\/2021\/04\/Miniatura-2.png?fit=1200%2C675&ssl=1&resize=350%2C200","width":350,"height":200,"srcset":"https:\/\/i0.wp.com\/vaitempero.com\/wp-content\/uploads\/2021\/04\/Miniatura-2.png?fit=1200%2C675&ssl=1&resize=350%2C200 1x, https:\/\/i0.wp.com\/vaitempero.com\/wp-content\/uploads\/2021\/04\/Miniatura-2.png?fit=1200%2C675&ssl=1&resize=525%2C300 1.5x, https:\/\/i0.wp.com\/vaitempero.com\/wp-content\/uploads\/2021\/04\/Miniatura-2.png?fit=1200%2C675&ssl=1&resize=700%2C400 2x, https:\/\/i0.wp.com\/vaitempero.com\/wp-content\/uploads\/2021\/04\/Miniatura-2.png?fit=1200%2C675&ssl=1&resize=1050%2C600 3x"},"classes":[]},{"id":220,"url":"https:\/\/vaitempero.com\/?p=220","url_meta":{"origin":376,"position":4},"title":"Pav\u00ea de creme e chocolate","author":"Vai Tempero","date":"21 de dezembro de 2020","format":false,"excerpt":"https:\/\/www.youtube.com\/watch?v=pqXFPnhyLyU Pav\u00ea \u00e9 um doce brasileiro de inspira\u00e7\u00e3o francesa e seu nome deriva da palavra \"pavage\" (franc\u00eas), que significa pavimento, ou seja, uma montagem de pedras e concreto que, por sua vez, lembra \u00e0s camadas de creme e biscoitos ou peda\u00e7os de bolo que comp\u00f5em a sobremesa. Ingredientes Leite condensado:\u2026","rel":"","context":"Em &quot;Culin\u00e1ria brasileira&quot;","block_context":{"text":"Culin\u00e1ria brasileira","link":"https:\/\/vaitempero.com\/?cat=112"},"img":{"alt_text":"","src":"https:\/\/i0.wp.com\/vaitempero.com\/wp-content\/uploads\/2021\/02\/Miniatura2.png?fit=1200%2C675&ssl=1&resize=350%2C200","width":350,"height":200,"srcset":"https:\/\/i0.wp.com\/vaitempero.com\/wp-content\/uploads\/2021\/02\/Miniatura2.png?fit=1200%2C675&ssl=1&resize=350%2C200 1x, https:\/\/i0.wp.com\/vaitempero.com\/wp-content\/uploads\/2021\/02\/Miniatura2.png?fit=1200%2C675&ssl=1&resize=525%2C300 1.5x, https:\/\/i0.wp.com\/vaitempero.com\/wp-content\/uploads\/2021\/02\/Miniatura2.png?fit=1200%2C675&ssl=1&resize=700%2C400 2x, https:\/\/i0.wp.com\/vaitempero.com\/wp-content\/uploads\/2021\/02\/Miniatura2.png?fit=1200%2C675&ssl=1&resize=1050%2C600 3x"},"classes":[]},{"id":549,"url":"https:\/\/vaitempero.com\/?p=549","url_meta":{"origin":376,"position":5},"title":"Kazandibi: O Famoso Pudim Turco Que Carameliza na Panela","author":"Vai Tempero","date":"19 de setembro de 2022","format":false,"excerpt":"Descubra o Kazandibi, uma das sobremesas mais famosas da Turquia, com uma hist\u00f3ria que remonta aos pal\u00e1cios do Imp\u00e9rio Otomano. O grande diferencial desta receita \u00e9 sua t\u00e9cnica \u00fanica de caramelizar o fundo do pudim diretamente sobre o fogo, criando uma camada queimada deliciosa e uma textura inesquec\u00edvel. https:\/\/youtu.be\/pHDH-v_UinQ?cc_load_policy=1 Ingredientes\u2026","rel":"","context":"Em &quot;Culin\u00e1ria turca&quot;","block_context":{"text":"Culin\u00e1ria turca","link":"https:\/\/vaitempero.com\/?cat=249"},"img":{"alt_text":"","src":"https:\/\/i0.wp.com\/vaitempero.com\/wp-content\/uploads\/2025\/08\/maxresdefault-1-1.webp?fit=1200%2C675&ssl=1&resize=350%2C200","width":350,"height":200,"srcset":"https:\/\/i0.wp.com\/vaitempero.com\/wp-content\/uploads\/2025\/08\/maxresdefault-1-1.webp?fit=1200%2C675&ssl=1&resize=350%2C200 1x, https:\/\/i0.wp.com\/vaitempero.com\/wp-content\/uploads\/2025\/08\/maxresdefault-1-1.webp?fit=1200%2C675&ssl=1&resize=525%2C300 1.5x, https:\/\/i0.wp.com\/vaitempero.com\/wp-content\/uploads\/2025\/08\/maxresdefault-1-1.webp?fit=1200%2C675&ssl=1&resize=700%2C400 2x, https:\/\/i0.wp.com\/vaitempero.com\/wp-content\/uploads\/2025\/08\/maxresdefault-1-1.webp?fit=1200%2C675&ssl=1&resize=1050%2C600 3x"},"classes":[]}],"jetpack_sharing_enabled":true,"_links":{"self":[{"href":"https:\/\/vaitempero.com\/index.php?rest_route=\/wp\/v2\/posts\/376","targetHints":{"allow":["GET"]}}],"collection":[{"href":"https:\/\/vaitempero.com\/index.php?rest_route=\/wp\/v2\/posts"}],"about":[{"href":"https:\/\/vaitempero.com\/index.php?rest_route=\/wp\/v2\/types\/post"}],"author":[{"embeddable":true,"href":"https:\/\/vaitempero.com\/index.php?rest_route=\/wp\/v2\/users\/1"}],"replies":[{"embeddable":true,"href":"https:\/\/vaitempero.com\/index.php?rest_route=%2Fwp%2Fv2%2Fcomments&post=376"}],"version-history":[{"count":1,"href":"https:\/\/vaitempero.com\/index.php?rest_route=\/wp\/v2\/posts\/376\/revisions"}],"predecessor-version":[{"id":378,"href":"https:\/\/vaitempero.com\/index.php?rest_route=\/wp\/v2\/posts\/376\/revisions\/378"}],"wp:featuredmedia":[{"embeddable":true,"href":"https:\/\/vaitempero.com\/index.php?rest_route=\/wp\/v2\/media\/377"}],"wp:attachment":[{"href":"https:\/\/vaitempero.com\/index.php?rest_route=%2Fwp%2Fv2%2Fmedia&parent=376"}],"wp:term":[{"taxonomy":"category","embeddable":true,"href":"https:\/\/vaitempero.com\/index.php?rest_route=%2Fwp%2Fv2%2Fcategories&post=376"},{"taxonomy":"post_tag","embeddable":true,"href":"https:\/\/vaitempero.com\/index.php?rest_route=%2Fwp%2Fv2%2Ftags&post=376"}],"curies":[{"name":"wp","href":"https:\/\/api.w.org\/{rel}","templated":true}]}}