{"id":379,"date":"2021-06-24T12:13:00","date_gmt":"2021-06-24T15:13:00","guid":{"rendered":"https:\/\/vaitempero.com\/?p=379"},"modified":"2021-09-04T20:17:06","modified_gmt":"2021-09-04T23:17:06","slug":"vinho-quente-facil","status":"publish","type":"post","link":"https:\/\/vaitempero.com\/?p=379","title":{"rendered":"Vinho quente f\u00e1cil"},"content":{"rendered":"\n<figure class=\"wp-block-embed is-type-video is-provider-youtube wp-block-embed-youtube wp-embed-aspect-16-9 wp-has-aspect-ratio\"><div class=\"wp-block-embed__wrapper\">\n<div class=\"ast-oembed-container \" style=\"height: 100%;\"><iframe loading=\"lazy\" title=\"Quent\u00e3o de vinho \/ vinho quente tradicional f\u00e1cil\" width=\"500\" height=\"281\" src=\"https:\/\/www.youtube.com\/embed\/WzKzAs2WumI?feature=oembed\" frameborder=\"0\" allow=\"accelerometer; autoplay; clipboard-write; encrypted-media; gyroscope; picture-in-picture; web-share\" referrerpolicy=\"strict-origin-when-cross-origin\" allowfullscreen><\/iframe><\/div>\n<\/div><\/figure>\n\n\n\n<p>Loja do Vai Tempero: <a href=\"https:\/\/www.magazinevoce.com.br\/magazinevaiTempero\" target=\"_blank\" rel=\"noreferrer noopener\">https:\/\/www.magazinevoce.com.br\/magazinevaiTempero<\/a><br>E-book:Queria Ser Vegan: <a href=\"https:\/\/go.hotmart.com\/P46922848R?dp=1\" target=\"_blank\" rel=\"noreferrer noopener\">https:\/\/go.hotmart.com\/P46922848R?dp=1<\/a><\/p>\n\n\n\n<p>Ingredientes<\/p>\n\n\n\n<p>A\u00e7\u00facar: \u00bd x\u00edcara<br>Canela em pau: 2 unidades<br>Cravo: 5 unidades (ou a gosto)<br>\u00c1gua: 500 ml<br>Ma\u00e7\u00e3: 2 unidades<br>Vinho tinto: 1 garrafa<\/p>\n\n\n\n<p>Como fazer<\/p>\n\n\n\n<p>Adicione o a\u00e7\u00facar, a canela e o cravo em panela.<br>Mexa de vez em quando at\u00e9 o a\u00e7\u00facar derreter e caramelizar.<br>Adicione \u00e1gua aos poucos.<br>Acrescente as ma\u00e7\u00e3s picadas e o vinho.<br>Quando ferver tampe a panela e deixe por 10 a 15 minutos.<\/p>\n","protected":false},"excerpt":{"rendered":"<p>Loja do Vai Tempero: https:\/\/www.magazinevoce.com.br\/magazinevaiTemperoE-book:Queria Ser Vegan: https:\/\/go.hotmart.com\/P46922848R?dp=1 Ingredientes A\u00e7\u00facar: \u00bd x\u00edcaraCanela em pau: 2 unidadesCravo: 5 unidades (ou a gosto)\u00c1gua: 500 mlMa\u00e7\u00e3: 2 unidadesVinho tinto: 1 garrafa Como fazer Adicione o a\u00e7\u00facar, a canela e o cravo em panela.Mexa de vez em quando at\u00e9 o a\u00e7\u00facar derreter e caramelizar.Adicione \u00e1gua aos poucos.Acrescente as ma\u00e7\u00e3s [&hellip;]<\/p>\n","protected":false},"author":1,"featured_media":380,"comment_status":"open","ping_status":"open","sticky":false,"template":"","format":"standard","meta":{"site-sidebar-layout":"default","site-content-layout":"default","ast-site-content-layout":"default","site-content-style":"default","site-sidebar-style":"default","ast-global-header-display":"","ast-banner-title-visibility":"","ast-main-header-display":"","ast-hfb-above-header-display":"","ast-hfb-below-header-display":"","ast-hfb-mobile-header-display":"","site-post-title":"","ast-breadcrumbs-content":"","ast-featured-img":"","footer-sml-layout":"","theme-transparent-header-meta":"default","adv-header-id-meta":"","stick-header-meta":"","header-above-stick-meta":"","header-main-stick-meta":"","header-below-stick-meta":"","astra-migrate-meta-layouts":"default","ast-page-background-enabled":"default","ast-page-background-meta":{"desktop":{"background-color":"","background-image":"","background-repeat":"repeat","background-position":"center center","background-size":"auto","background-attachment":"scroll","background-type":"","background-media":"","overlay-type":"","overlay-color":"","overlay-opacity":"","overlay-gradient":""},"tablet":{"background-color":"","background-image":"","background-repeat":"repeat","background-position":"center center","background-size":"auto","background-attachment":"scroll","background-type":"","background-media":"","overlay-type":"","overlay-color":"","overlay-opacity":"","overlay-gradient":""},"mobile":{"background-color":"","background-image":"","background-repeat":"repeat","background-position":"center center","background-size":"auto","background-attachment":"scroll","background-type":"","background-media":"","overlay-type":"","overlay-color":"","overlay-opacity":"","overlay-gradient":""}},"ast-content-background-meta":{"desktop":{"background-color":"var(--ast-global-color-5)","background-image":"","background-repeat":"repeat","background-position":"center center","background-size":"auto","background-attachment":"scroll","background-type":"","background-media":"","overlay-type":"","overlay-color":"","overlay-opacity":"","overlay-gradient":""},"tablet":{"background-color":"var(--ast-global-color-5)","background-image":"","background-repeat":"repeat","background-position":"center center","background-size":"auto","background-attachment":"scroll","background-type":"","background-media":"","overlay-type":"","overlay-color":"","overlay-opacity":"","overlay-gradient":""},"mobile":{"background-color":"var(--ast-global-color-5)","background-image":"","background-repeat":"repeat","background-position":"center center","background-size":"auto","background-attachment":"scroll","background-type":"","background-media":"","overlay-type":"","overlay-color":"","overlay-opacity":"","overlay-gradient":""}},"_jetpack_memberships_contains_paid_content":false,"footnotes":""},"categories":[300,19,116],"tags":[],"class_list":["post-379","post","type-post","status-publish","format-standard","has-post-thumbnail","hentry","category-festa-junina","category-receitas","category-receitas-doces"],"aioseo_notices":[],"jetpack_featured_media_url":"https:\/\/i0.wp.com\/vaitempero.com\/wp-content\/uploads\/2021\/09\/Miniatura-1.png?fit=1280%2C720&ssl=1","jetpack-related-posts":[{"id":304,"url":"https:\/\/vaitempero.com\/?p=304","url_meta":{"origin":379,"position":0},"title":"Guacamole delicioso e f\u00e1cil | Receita vegetariana \/ vegana \/ low carb","author":"Vai Tempero","date":"3 de maio de 2021","format":false,"excerpt":"https:\/\/youtu.be\/D28x_cusHHc?cc_load_policy=1 Tigela de 400ml: https:\/\/bit.ly\/3nALPlrE-book: 300 Receitas Low Carb: https:\/\/go.hotmart.com\/O46925552G Ingredientes Abacate: 1\/2 unidadeTomate: 1\/2 unidadeCebola: 1\/2 unidadePimenta vermelha: 1 unidade pequenaCoentro a gostoLim\u00e3o-cravo: 1\/2 unidadeSal a gosto Como fazer Retire a poupa do abacate, coloque numa tigela e amasse um pouco.Pique o tomate, a cebola e pimenta em cubinho\u2026","rel":"","context":"Em &quot;Receitas&quot;","block_context":{"text":"Receitas","link":"https:\/\/vaitempero.com\/?cat=19"},"img":{"alt_text":"","src":"https:\/\/i0.wp.com\/vaitempero.com\/wp-content\/uploads\/2021\/05\/1.png?fit=1200%2C675&ssl=1&resize=350%2C200","width":350,"height":200,"srcset":"https:\/\/i0.wp.com\/vaitempero.com\/wp-content\/uploads\/2021\/05\/1.png?fit=1200%2C675&ssl=1&resize=350%2C200 1x, https:\/\/i0.wp.com\/vaitempero.com\/wp-content\/uploads\/2021\/05\/1.png?fit=1200%2C675&ssl=1&resize=525%2C300 1.5x, https:\/\/i0.wp.com\/vaitempero.com\/wp-content\/uploads\/2021\/05\/1.png?fit=1200%2C675&ssl=1&resize=700%2C400 2x, https:\/\/i0.wp.com\/vaitempero.com\/wp-content\/uploads\/2021\/05\/1.png?fit=1200%2C675&ssl=1&resize=1050%2C600 3x"},"classes":[]},{"id":308,"url":"https:\/\/vaitempero.com\/?p=308","url_meta":{"origin":379,"position":1},"title":"Chips de tortilla para nacho | Receita vegetariana \/ vegana","author":"Vai Tempero","date":"6 de maio de 2021","format":false,"excerpt":"https:\/\/youtu.be\/VpOYI5G-T9Y?cc_load_policy=1 Loja do Vai Tempero: https:\/\/www.magazinevoce.com.br\/magazinevaiTempero\/E-book:Queria Ser Vegan: https:\/\/go.hotmart.com\/P46922848R?dp=1 Ingredientes Fub\u00e1 ou farinha de milho: 1\/2 x\u00edcaraFarinha de trigo: 1\/2 x\u00edcaraP\u00e1prica defumada ou picante: 1 colher de sopaSal a gosto\u00c1gua: 4 a 6 colheres Como fazer Adicione todos os ingredientes secos em uma tigela e misture.Adicione 4 colheres de \u00e1gua\u2026","rel":"","context":"Em &quot;Receitas&quot;","block_context":{"text":"Receitas","link":"https:\/\/vaitempero.com\/?cat=19"},"img":{"alt_text":"","src":"https:\/\/i0.wp.com\/vaitempero.com\/wp-content\/uploads\/2021\/05\/Miniatura.png?fit=1200%2C675&ssl=1&resize=350%2C200","width":350,"height":200,"srcset":"https:\/\/i0.wp.com\/vaitempero.com\/wp-content\/uploads\/2021\/05\/Miniatura.png?fit=1200%2C675&ssl=1&resize=350%2C200 1x, https:\/\/i0.wp.com\/vaitempero.com\/wp-content\/uploads\/2021\/05\/Miniatura.png?fit=1200%2C675&ssl=1&resize=525%2C300 1.5x, https:\/\/i0.wp.com\/vaitempero.com\/wp-content\/uploads\/2021\/05\/Miniatura.png?fit=1200%2C675&ssl=1&resize=700%2C400 2x, https:\/\/i0.wp.com\/vaitempero.com\/wp-content\/uploads\/2021\/05\/Miniatura.png?fit=1200%2C675&ssl=1&resize=1050%2C600 3x"},"classes":[]},{"id":322,"url":"https:\/\/vaitempero.com\/?p=322","url_meta":{"origin":379,"position":2},"title":"O melhor bolo de fub\u00e1","author":"Vai Tempero","date":"31 de maio de 2021","format":false,"excerpt":"https:\/\/youtu.be\/KjDx1mJr4rc?cc_load_policy=1 Multiprocessador: https:\/\/bit.ly\/3anUwKrCurso: Doces Gourmet Lucrativos: https:\/\/go.hotmart.com\/P46923418N Ingredientes Ovos: 2 unidades\u00d3leo vegetal: 1\/2 x\u00edcara \/ 120 ml \/ 4 fl ozLeite: 1 x\u00edcara \/ 240 ml \/ 8 fl ozSal: 1 pitadaA\u00e7\u00facar: 1 x\u00edcara \/ 200 g \/ 7 ozFarinha: 1 x\u00edcara \/ 120 g \/ 4.2 ozFub\u00e1: 1 x\u00edcara\u2026","rel":"","context":"Em &quot;Culin\u00e1ria brasileira&quot;","block_context":{"text":"Culin\u00e1ria brasileira","link":"https:\/\/vaitempero.com\/?cat=112"},"img":{"alt_text":"","src":"https:\/\/i0.wp.com\/vaitempero.com\/wp-content\/uploads\/2021\/05\/Miniatura-3.png?fit=1200%2C675&ssl=1&resize=350%2C200","width":350,"height":200,"srcset":"https:\/\/i0.wp.com\/vaitempero.com\/wp-content\/uploads\/2021\/05\/Miniatura-3.png?fit=1200%2C675&ssl=1&resize=350%2C200 1x, https:\/\/i0.wp.com\/vaitempero.com\/wp-content\/uploads\/2021\/05\/Miniatura-3.png?fit=1200%2C675&ssl=1&resize=525%2C300 1.5x, https:\/\/i0.wp.com\/vaitempero.com\/wp-content\/uploads\/2021\/05\/Miniatura-3.png?fit=1200%2C675&ssl=1&resize=700%2C400 2x, https:\/\/i0.wp.com\/vaitempero.com\/wp-content\/uploads\/2021\/05\/Miniatura-3.png?fit=1200%2C675&ssl=1&resize=1050%2C600 3x"},"classes":[]},{"id":353,"url":"https:\/\/vaitempero.com\/?p=353","url_meta":{"origin":379,"position":3},"title":"Canjica\/ mungunz\u00e1 \/ ch\u00e1-de-burro (doce)","author":"Vai Tempero","date":"7 de junho de 2021","format":false,"excerpt":"https:\/\/youtu.be\/c3yg9pZffYI?cc_load_policy=1 Loja do Vai Tempero: https:\/\/www.magazinevoce.com.br\/magazinevaiTempero\/Curso: Doces Gourmet Lucrativos: https:\/\/go.hotmart.com\/P46923418N Ingredientes Canjica branca: 250 g\u00c1gua: 1,5 LManteiga sem sal: 1\/2 colher de sopaLeite condensado: 1 caixa de 395 gLeite: 500 mlAmendoim triturado: 1\/2 x\u00edcara Como fazer Deixar a canjica de molho de um dia para o outro.Descartar a \u00e1gua e\u2026","rel":"","context":"Em &quot;Culin\u00e1ria brasileira&quot;","block_context":{"text":"Culin\u00e1ria brasileira","link":"https:\/\/vaitempero.com\/?cat=112"},"img":{"alt_text":"","src":"https:\/\/i0.wp.com\/vaitempero.com\/wp-content\/uploads\/2021\/06\/Miniatura.png?fit=1200%2C675&ssl=1&resize=350%2C200","width":350,"height":200,"srcset":"https:\/\/i0.wp.com\/vaitempero.com\/wp-content\/uploads\/2021\/06\/Miniatura.png?fit=1200%2C675&ssl=1&resize=350%2C200 1x, https:\/\/i0.wp.com\/vaitempero.com\/wp-content\/uploads\/2021\/06\/Miniatura.png?fit=1200%2C675&ssl=1&resize=525%2C300 1.5x, https:\/\/i0.wp.com\/vaitempero.com\/wp-content\/uploads\/2021\/06\/Miniatura.png?fit=1200%2C675&ssl=1&resize=700%2C400 2x, https:\/\/i0.wp.com\/vaitempero.com\/wp-content\/uploads\/2021\/06\/Miniatura.png?fit=1200%2C675&ssl=1&resize=1050%2C600 3x"},"classes":[]},{"id":294,"url":"https:\/\/vaitempero.com\/?p=294","url_meta":{"origin":379,"position":4},"title":"Yakisoba de frango","author":"Vai Tempero","date":"26 de abril de 2021","format":false,"excerpt":"https:\/\/youtu.be\/CADU-buI-6o?cc_load_policy=1 S\u014dsu yakissoba\u00a0(\u30bd\u30fc\u30b9\u713c\u304d\u305d\u3070), tamb\u00e9m conhecido por\u00a0yakisoba\u00a0(\u713c\u304d\u305d\u3070), \u00e9 um prato de origem japonesa, cujo nome significa, literalmente, \"macarr\u00e3o\u00a0de\u00a0sob\u00e1\u00a0frito\". Apesar de muitos acreditarem que sua origem seja na\u00a0China, a receita foi criada no Jap\u00e3o, o que geralmente confunde as pessoas \u00e9 o fato do macarr\u00e3o ter sido inventado na China, entretanto isso\u2026","rel":"","context":"Em &quot;Culin\u00e1ria japonesa&quot;","block_context":{"text":"Culin\u00e1ria japonesa","link":"https:\/\/vaitempero.com\/?cat=110"},"img":{"alt_text":"","src":"https:\/\/i0.wp.com\/vaitempero.com\/wp-content\/uploads\/2021\/04\/Miniatura-2.png?fit=1200%2C675&ssl=1&resize=350%2C200","width":350,"height":200,"srcset":"https:\/\/i0.wp.com\/vaitempero.com\/wp-content\/uploads\/2021\/04\/Miniatura-2.png?fit=1200%2C675&ssl=1&resize=350%2C200 1x, https:\/\/i0.wp.com\/vaitempero.com\/wp-content\/uploads\/2021\/04\/Miniatura-2.png?fit=1200%2C675&ssl=1&resize=525%2C300 1.5x, https:\/\/i0.wp.com\/vaitempero.com\/wp-content\/uploads\/2021\/04\/Miniatura-2.png?fit=1200%2C675&ssl=1&resize=700%2C400 2x, https:\/\/i0.wp.com\/vaitempero.com\/wp-content\/uploads\/2021\/04\/Miniatura-2.png?fit=1200%2C675&ssl=1&resize=1050%2C600 3x"},"classes":[]},{"id":484,"url":"https:\/\/vaitempero.com\/?p=484","url_meta":{"origin":379,"position":5},"title":"Uma receita f\u00e1cil e deliciosa de pa\u00e7oca com apenas 3 ingredientes","author":"Vai Tempero","date":"24 de junho de 2022","format":false,"excerpt":"https:\/\/youtu.be\/6BhNPUSLlik?cc_load_policy=1 Ingredientes Amendoim torrado sem pele: 2 x\u00edcarasA\u00e7\u00facar refinado: 1 x\u00edcara1 pitada de sal Multiprocessador (Magazine Luiza): https:\/\/bit.ly\/3mAsktFMultiprocessador (Amazon): https:\/\/amzn.to\/3xiObe8 Como fazer Coloque todos os ingredientes no processadorTriture no processador at\u00e9 conseguir apertar com a m\u00e3o e manter a formaDespeje em uma forma\/assadeiraModele na espessura desejadaLeve para geladeira por 20\u2026","rel":"","context":"Em &quot;Culin\u00e1ria brasileira&quot;","block_context":{"text":"Culin\u00e1ria brasileira","link":"https:\/\/vaitempero.com\/?cat=112"},"img":{"alt_text":"","src":"https:\/\/i0.wp.com\/vaitempero.com\/wp-content\/uploads\/2022\/06\/Miniatura-2.png?fit=1200%2C675&ssl=1&resize=350%2C200","width":350,"height":200,"srcset":"https:\/\/i0.wp.com\/vaitempero.com\/wp-content\/uploads\/2022\/06\/Miniatura-2.png?fit=1200%2C675&ssl=1&resize=350%2C200 1x, https:\/\/i0.wp.com\/vaitempero.com\/wp-content\/uploads\/2022\/06\/Miniatura-2.png?fit=1200%2C675&ssl=1&resize=525%2C300 1.5x, https:\/\/i0.wp.com\/vaitempero.com\/wp-content\/uploads\/2022\/06\/Miniatura-2.png?fit=1200%2C675&ssl=1&resize=700%2C400 2x, https:\/\/i0.wp.com\/vaitempero.com\/wp-content\/uploads\/2022\/06\/Miniatura-2.png?fit=1200%2C675&ssl=1&resize=1050%2C600 3x"},"classes":[]}],"jetpack_sharing_enabled":true,"_links":{"self":[{"href":"https:\/\/vaitempero.com\/index.php?rest_route=\/wp\/v2\/posts\/379","targetHints":{"allow":["GET"]}}],"collection":[{"href":"https:\/\/vaitempero.com\/index.php?rest_route=\/wp\/v2\/posts"}],"about":[{"href":"https:\/\/vaitempero.com\/index.php?rest_route=\/wp\/v2\/types\/post"}],"author":[{"embeddable":true,"href":"https:\/\/vaitempero.com\/index.php?rest_route=\/wp\/v2\/users\/1"}],"replies":[{"embeddable":true,"href":"https:\/\/vaitempero.com\/index.php?rest_route=%2Fwp%2Fv2%2Fcomments&post=379"}],"version-history":[{"count":1,"href":"https:\/\/vaitempero.com\/index.php?rest_route=\/wp\/v2\/posts\/379\/revisions"}],"predecessor-version":[{"id":381,"href":"https:\/\/vaitempero.com\/index.php?rest_route=\/wp\/v2\/posts\/379\/revisions\/381"}],"wp:featuredmedia":[{"embeddable":true,"href":"https:\/\/vaitempero.com\/index.php?rest_route=\/wp\/v2\/media\/380"}],"wp:attachment":[{"href":"https:\/\/vaitempero.com\/index.php?rest_route=%2Fwp%2Fv2%2Fmedia&parent=379"}],"wp:term":[{"taxonomy":"category","embeddable":true,"href":"https:\/\/vaitempero.com\/index.php?rest_route=%2Fwp%2Fv2%2Fcategories&post=379"},{"taxonomy":"post_tag","embeddable":true,"href":"https:\/\/vaitempero.com\/index.php?rest_route=%2Fwp%2Fv2%2Ftags&post=379"}],"curies":[{"name":"wp","href":"https:\/\/api.w.org\/{rel}","templated":true}]}}