{"id":382,"date":"2021-06-28T12:18:00","date_gmt":"2021-06-28T15:18:00","guid":{"rendered":"https:\/\/vaitempero.com\/?p=382"},"modified":"2021-09-04T20:20:48","modified_gmt":"2021-09-04T23:20:48","slug":"arroz-doce-cremoso-caramelado","status":"publish","type":"post","link":"https:\/\/vaitempero.com\/?p=382","title":{"rendered":"Arroz doce cremoso caramelado"},"content":{"rendered":"\n<figure class=\"wp-block-embed is-type-video is-provider-youtube wp-block-embed-youtube wp-embed-aspect-16-9 wp-has-aspect-ratio\"><div class=\"wp-block-embed__wrapper\">\n<div class=\"ast-oembed-container \" style=\"height: 100%;\"><iframe loading=\"lazy\" title=\"Arroz doce cremoso caramelado\" width=\"500\" height=\"281\" src=\"https:\/\/www.youtube.com\/embed\/4oeYGVlzAac?feature=oembed\" frameborder=\"0\" allow=\"accelerometer; autoplay; clipboard-write; encrypted-media; gyroscope; picture-in-picture; web-share\" referrerpolicy=\"strict-origin-when-cross-origin\" allowfullscreen><\/iframe><\/div>\n<\/div><\/figure>\n\n\n\n<p>Loja do Vai Tempero: <a href=\"https:\/\/www.magazinevoce.com.br\/magazinevaiTempero\" target=\"_blank\" rel=\"noreferrer noopener\">https:\/\/www.magazinevoce.com.br\/magazinevaiTempero<\/a><\/p>\n\n\n\n<p>Ingredientes<\/p>\n\n\n\n<p>\u00c1gua: 3 x\u00edcaras<br>Arroz: 1 x\u00edcara<br>Leite: 3 x\u00edcaras<br>Canela em pau a gosto (opcional)<br>A\u00e7\u00facar: 1 x\u00edcara de a\u00e7\u00facar (1 \u00bd se quiser mais doce)<\/p>\n\n\n\n<p>Como fazer<\/p>\n\n\n\n<p>Ferver o arroz com \u00e1gua at\u00e9 quase secar.<br>Acrescentar o leite e cozinhar at\u00e9 o arroz ficar al dente.<br>Deixar o arroz em fogo baixo, enquanto isso derreta o a\u00e7\u00facar em outra panela.<br>Despeje o a\u00e7\u00facar derretido no arroz.<br>Desligue o fogo e sirva.<\/p>\n","protected":false},"excerpt":{"rendered":"<p>Loja do Vai Tempero: https:\/\/www.magazinevoce.com.br\/magazinevaiTempero Ingredientes \u00c1gua: 3 x\u00edcarasArroz: 1 x\u00edcaraLeite: 3 x\u00edcarasCanela em pau a gosto (opcional)A\u00e7\u00facar: 1 x\u00edcara de a\u00e7\u00facar (1 \u00bd se quiser mais doce) Como fazer Ferver o arroz com \u00e1gua at\u00e9 quase secar.Acrescentar o leite e cozinhar at\u00e9 o arroz ficar al dente.Deixar o arroz em fogo baixo, enquanto isso [&hellip;]<\/p>\n","protected":false},"author":1,"featured_media":383,"comment_status":"open","ping_status":"open","sticky":false,"template":"","format":"standard","meta":{"site-sidebar-layout":"default","site-content-layout":"default","ast-site-content-layout":"default","site-content-style":"default","site-sidebar-style":"default","ast-global-header-display":"","ast-banner-title-visibility":"","ast-main-header-display":"","ast-hfb-above-header-display":"","ast-hfb-below-header-display":"","ast-hfb-mobile-header-display":"","site-post-title":"","ast-breadcrumbs-content":"","ast-featured-img":"","footer-sml-layout":"","theme-transparent-header-meta":"default","adv-header-id-meta":"","stick-header-meta":"","header-above-stick-meta":"","header-main-stick-meta":"","header-below-stick-meta":"","astra-migrate-meta-layouts":"default","ast-page-background-enabled":"default","ast-page-background-meta":{"desktop":{"background-color":"","background-image":"","background-repeat":"repeat","background-position":"center center","background-size":"auto","background-attachment":"scroll","background-type":"","background-media":"","overlay-type":"","overlay-color":"","overlay-opacity":"","overlay-gradient":""},"tablet":{"background-color":"","background-image":"","background-repeat":"repeat","background-position":"center center","background-size":"auto","background-attachment":"scroll","background-type":"","background-media":"","overlay-type":"","overlay-color":"","overlay-opacity":"","overlay-gradient":""},"mobile":{"background-color":"","background-image":"","background-repeat":"repeat","background-position":"center center","background-size":"auto","background-attachment":"scroll","background-type":"","background-media":"","overlay-type":"","overlay-color":"","overlay-opacity":"","overlay-gradient":""}},"ast-content-background-meta":{"desktop":{"background-color":"var(--ast-global-color-5)","background-image":"","background-repeat":"repeat","background-position":"center center","background-size":"auto","background-attachment":"scroll","background-type":"","background-media":"","overlay-type":"","overlay-color":"","overlay-opacity":"","overlay-gradient":""},"tablet":{"background-color":"var(--ast-global-color-5)","background-image":"","background-repeat":"repeat","background-position":"center center","background-size":"auto","background-attachment":"scroll","background-type":"","background-media":"","overlay-type":"","overlay-color":"","overlay-opacity":"","overlay-gradient":""},"mobile":{"background-color":"var(--ast-global-color-5)","background-image":"","background-repeat":"repeat","background-position":"center center","background-size":"auto","background-attachment":"scroll","background-type":"","background-media":"","overlay-type":"","overlay-color":"","overlay-opacity":"","overlay-gradient":""}},"_jetpack_memberships_contains_paid_content":false,"footnotes":""},"categories":[300,19,116],"tags":[],"class_list":["post-382","post","type-post","status-publish","format-standard","has-post-thumbnail","hentry","category-festa-junina","category-receitas","category-receitas-doces"],"aioseo_notices":[],"jetpack_featured_media_url":"https:\/\/i0.wp.com\/vaitempero.com\/wp-content\/uploads\/2021\/09\/Miniatura-2.png?fit=1280%2C720&ssl=1","jetpack-related-posts":[{"id":318,"url":"https:\/\/vaitempero.com\/?p=318","url_meta":{"origin":382,"position":0},"title":"Dia nacional do caf\u00e9: Pudim de caf\u00e9","author":"Vai Tempero","date":"24 de maio de 2021","format":false,"excerpt":"https:\/\/youtu.be\/-WuN1SQ8grg?cc_load_policy=1 Forma de pudim: https:\/\/bit.ly\/3hLanHmCurso: Doces Gourmet Lucrativos: https:\/\/go.hotmart.com\/P46923418N Ingredientes Calda A\u00e7\u00facar: 1 x\u00edcara\u00c1gua: 1 x\u00edcara Pudim Leite: 305 ml \/ \u2248 1 1\/4 x\u00edcarasCaf\u00e9 sol\u00favel: 2 colheres de sopaLeite condensado: 395 g \/ \u2248 1 1\/4 x\u00edcarasCacau em p\u00f3: 1 colher de sopaOvo: 3 unidades Modo de fazer Calda\u2026","rel":"","context":"Em &quot;Receitas&quot;","block_context":{"text":"Receitas","link":"https:\/\/vaitempero.com\/?cat=19"},"img":{"alt_text":"","src":"https:\/\/i0.wp.com\/vaitempero.com\/wp-content\/uploads\/2021\/05\/Miniatura-2.png?fit=1200%2C675&ssl=1&resize=350%2C200","width":350,"height":200,"srcset":"https:\/\/i0.wp.com\/vaitempero.com\/wp-content\/uploads\/2021\/05\/Miniatura-2.png?fit=1200%2C675&ssl=1&resize=350%2C200 1x, https:\/\/i0.wp.com\/vaitempero.com\/wp-content\/uploads\/2021\/05\/Miniatura-2.png?fit=1200%2C675&ssl=1&resize=525%2C300 1.5x, https:\/\/i0.wp.com\/vaitempero.com\/wp-content\/uploads\/2021\/05\/Miniatura-2.png?fit=1200%2C675&ssl=1&resize=700%2C400 2x, https:\/\/i0.wp.com\/vaitempero.com\/wp-content\/uploads\/2021\/05\/Miniatura-2.png?fit=1200%2C675&ssl=1&resize=1050%2C600 3x"},"classes":[]},{"id":379,"url":"https:\/\/vaitempero.com\/?p=379","url_meta":{"origin":382,"position":1},"title":"Vinho quente f\u00e1cil","author":"Vai Tempero","date":"24 de junho de 2021","format":false,"excerpt":"https:\/\/youtu.be\/WzKzAs2WumI?cc_load_policy=1 Loja do Vai Tempero: https:\/\/www.magazinevoce.com.br\/magazinevaiTemperoE-book:Queria Ser Vegan: https:\/\/go.hotmart.com\/P46922848R?dp=1 Ingredientes A\u00e7\u00facar: \u00bd x\u00edcaraCanela em pau: 2 unidadesCravo: 5 unidades (ou a gosto)\u00c1gua: 500 mlMa\u00e7\u00e3: 2 unidadesVinho tinto: 1 garrafa Como fazer Adicione o a\u00e7\u00facar, a canela e o cravo em panela.Mexa de vez em quando at\u00e9 o a\u00e7\u00facar derreter e\u2026","rel":"","context":"Em &quot;Festa Junina&quot;","block_context":{"text":"Festa Junina","link":"https:\/\/vaitempero.com\/?cat=300"},"img":{"alt_text":"","src":"https:\/\/i0.wp.com\/vaitempero.com\/wp-content\/uploads\/2021\/09\/Miniatura-1.png?fit=1200%2C675&ssl=1&resize=350%2C200","width":350,"height":200,"srcset":"https:\/\/i0.wp.com\/vaitempero.com\/wp-content\/uploads\/2021\/09\/Miniatura-1.png?fit=1200%2C675&ssl=1&resize=350%2C200 1x, https:\/\/i0.wp.com\/vaitempero.com\/wp-content\/uploads\/2021\/09\/Miniatura-1.png?fit=1200%2C675&ssl=1&resize=525%2C300 1.5x, https:\/\/i0.wp.com\/vaitempero.com\/wp-content\/uploads\/2021\/09\/Miniatura-1.png?fit=1200%2C675&ssl=1&resize=700%2C400 2x, https:\/\/i0.wp.com\/vaitempero.com\/wp-content\/uploads\/2021\/09\/Miniatura-1.png?fit=1200%2C675&ssl=1&resize=1050%2C600 3x"},"classes":[]},{"id":234,"url":"https:\/\/vaitempero.com\/?p=234","url_meta":{"origin":382,"position":2},"title":"Nutella caseira muito f\u00e1cil com 4 ingredientes","author":"Vai Tempero","date":"25 de janeiro de 2021","format":false,"excerpt":"https:\/\/youtu.be\/slQtY6Vyl2I \u00c9 muito mais gostosa que a Nutella industrializada, pois vc sente o gosto da avel\u00e3 de verdade!!! Al\u00e9m de ser muito mais saud\u00e1vel que o potinho industrializado, cujos 55% do seu conte\u00fado s\u00e3o puramente a\u00e7\u00facar refinado; e 23% \u00f3leo de palma. Ingredientes Avel\u00e3: 200 gCacau em p\u00f3: 1\/4 de\u2026","rel":"","context":"Em &quot;Receitas&quot;","block_context":{"text":"Receitas","link":"https:\/\/vaitempero.com\/?cat=19"},"img":{"alt_text":"","src":"https:\/\/i0.wp.com\/vaitempero.com\/wp-content\/uploads\/2021\/02\/Miniatura-14.png?fit=1200%2C675&ssl=1&resize=350%2C200","width":350,"height":200,"srcset":"https:\/\/i0.wp.com\/vaitempero.com\/wp-content\/uploads\/2021\/02\/Miniatura-14.png?fit=1200%2C675&ssl=1&resize=350%2C200 1x, https:\/\/i0.wp.com\/vaitempero.com\/wp-content\/uploads\/2021\/02\/Miniatura-14.png?fit=1200%2C675&ssl=1&resize=525%2C300 1.5x, https:\/\/i0.wp.com\/vaitempero.com\/wp-content\/uploads\/2021\/02\/Miniatura-14.png?fit=1200%2C675&ssl=1&resize=700%2C400 2x, https:\/\/i0.wp.com\/vaitempero.com\/wp-content\/uploads\/2021\/02\/Miniatura-14.png?fit=1200%2C675&ssl=1&resize=1050%2C600 3x"},"classes":[]},{"id":385,"url":"https:\/\/vaitempero.com\/?p=385","url_meta":{"origin":382,"position":3},"title":"Amendoim doce crocante \/ Amendoim cri cri","author":"Vai Tempero","date":"1 de julho de 2021","format":false,"excerpt":"https:\/\/youtu.be\/jFEqgS13XuE?cc_load_policy=1 Loja do Vai Tempero: https:\/\/www.magazinevoce.com.br\/magazinevaiTempero Ingredientes Amendoim cru com pele: 500grA\u00e7\u00facar: 2 x\u00edcarasFermento em p\u00f3: 1 colher de sopa\u00c1gua: 2 x\u00edcaras Modo de fazer Despeje todos os ingredientes em uma panela.Leve ao fogo e mexa de vez em quando para n\u00e3o grudar.Quando secar bem o l\u00edquido, mexa sem parar.Quando\u2026","rel":"","context":"Em &quot;Festa Junina&quot;","block_context":{"text":"Festa Junina","link":"https:\/\/vaitempero.com\/?cat=300"},"img":{"alt_text":"","src":"https:\/\/i0.wp.com\/vaitempero.com\/wp-content\/uploads\/2021\/09\/Miniatura-3.png?fit=1200%2C675&ssl=1&resize=350%2C200","width":350,"height":200,"srcset":"https:\/\/i0.wp.com\/vaitempero.com\/wp-content\/uploads\/2021\/09\/Miniatura-3.png?fit=1200%2C675&ssl=1&resize=350%2C200 1x, https:\/\/i0.wp.com\/vaitempero.com\/wp-content\/uploads\/2021\/09\/Miniatura-3.png?fit=1200%2C675&ssl=1&resize=525%2C300 1.5x, https:\/\/i0.wp.com\/vaitempero.com\/wp-content\/uploads\/2021\/09\/Miniatura-3.png?fit=1200%2C675&ssl=1&resize=700%2C400 2x, https:\/\/i0.wp.com\/vaitempero.com\/wp-content\/uploads\/2021\/09\/Miniatura-3.png?fit=1200%2C675&ssl=1&resize=1050%2C600 3x"},"classes":[]},{"id":372,"url":"https:\/\/vaitempero.com\/?p=372","url_meta":{"origin":382,"position":4},"title":"Quent\u00e3o tradicional: simples e gostoso","author":"Vai Tempero","date":"17 de junho de 2021","format":false,"excerpt":"https:\/\/youtu.be\/-bVOye2xiTg?cc_load_policy=1 Loja do Vai Tempero: https:\/\/www.magazinevoce.com.br\/magazinevaiTempero Ingredientes A\u00e7\u00facar: 1 x\u00edcara\u00c1gua: 600 mlGengibre a gostoCravo-da-\u00edndia a gostoCanela em pau a gostoCacha\u00e7a: 600 ml Como fazer Caramelizar o a\u00e7\u00facar. (Tamb\u00e9m pode fazer sem caramelizar)Adicionar \u00e1gua.Dissolver o caramelo.Adicionar os outros ingredientes.Ferver por 15-20 minutos.Se quiser mais forte, pode acrescentar a cacha\u00e7a depois de\u2026","rel":"","context":"Em &quot;Culin\u00e1ria brasileira&quot;","block_context":{"text":"Culin\u00e1ria brasileira","link":"https:\/\/vaitempero.com\/?cat=112"},"img":{"alt_text":"","src":"https:\/\/i0.wp.com\/vaitempero.com\/wp-content\/uploads\/2021\/09\/Miniatura2.png?fit=1200%2C675&ssl=1&resize=350%2C200","width":350,"height":200,"srcset":"https:\/\/i0.wp.com\/vaitempero.com\/wp-content\/uploads\/2021\/09\/Miniatura2.png?fit=1200%2C675&ssl=1&resize=350%2C200 1x, https:\/\/i0.wp.com\/vaitempero.com\/wp-content\/uploads\/2021\/09\/Miniatura2.png?fit=1200%2C675&ssl=1&resize=525%2C300 1.5x, https:\/\/i0.wp.com\/vaitempero.com\/wp-content\/uploads\/2021\/09\/Miniatura2.png?fit=1200%2C675&ssl=1&resize=700%2C400 2x, https:\/\/i0.wp.com\/vaitempero.com\/wp-content\/uploads\/2021\/09\/Miniatura2.png?fit=1200%2C675&ssl=1&resize=1050%2C600 3x"},"classes":[]},{"id":491,"url":"https:\/\/vaitempero.com\/?p=491","url_meta":{"origin":382,"position":5},"title":"Rosquinhas de pinga","author":"Vai Tempero","date":"13 de junho de 2022","format":false,"excerpt":"https:\/\/youtu.be\/jn3JvTYtV_U?cc_load_policy=1 Ingredientes 3 ovosBanha derretida: 1 x\u00edcaraCacha\u00e7a\/pinga: 1 x\u00edcaraA\u00e7\u00facar: 1 x\u00edcaraFermento em p\u00f3: 1 colher de sopaFarinha de trigo Tigela de vidro 4 litros (Magazine Luiza): https:\/\/bit.ly\/3Mw4bzHTigela de vidro 4 litros (Amazon): https:\/\/amzn.to\/3wAAasY Como fazer Misture os ovos, banha, cacha\u00e7a, a\u00e7\u00facar e fermento em p\u00f3.Adicione um pouco da farinha e\u2026","rel":"","context":"Em &quot;Culin\u00e1ria brasileira&quot;","block_context":{"text":"Culin\u00e1ria brasileira","link":"https:\/\/vaitempero.com\/?cat=112"},"img":{"alt_text":"","src":"https:\/\/i0.wp.com\/vaitempero.com\/wp-content\/uploads\/2022\/06\/Miniatura-3.png?fit=1200%2C675&ssl=1&resize=350%2C200","width":350,"height":200,"srcset":"https:\/\/i0.wp.com\/vaitempero.com\/wp-content\/uploads\/2022\/06\/Miniatura-3.png?fit=1200%2C675&ssl=1&resize=350%2C200 1x, https:\/\/i0.wp.com\/vaitempero.com\/wp-content\/uploads\/2022\/06\/Miniatura-3.png?fit=1200%2C675&ssl=1&resize=525%2C300 1.5x, https:\/\/i0.wp.com\/vaitempero.com\/wp-content\/uploads\/2022\/06\/Miniatura-3.png?fit=1200%2C675&ssl=1&resize=700%2C400 2x, https:\/\/i0.wp.com\/vaitempero.com\/wp-content\/uploads\/2022\/06\/Miniatura-3.png?fit=1200%2C675&ssl=1&resize=1050%2C600 3x"},"classes":[]}],"jetpack_sharing_enabled":true,"_links":{"self":[{"href":"https:\/\/vaitempero.com\/index.php?rest_route=\/wp\/v2\/posts\/382","targetHints":{"allow":["GET"]}}],"collection":[{"href":"https:\/\/vaitempero.com\/index.php?rest_route=\/wp\/v2\/posts"}],"about":[{"href":"https:\/\/vaitempero.com\/index.php?rest_route=\/wp\/v2\/types\/post"}],"author":[{"embeddable":true,"href":"https:\/\/vaitempero.com\/index.php?rest_route=\/wp\/v2\/users\/1"}],"replies":[{"embeddable":true,"href":"https:\/\/vaitempero.com\/index.php?rest_route=%2Fwp%2Fv2%2Fcomments&post=382"}],"version-history":[{"count":1,"href":"https:\/\/vaitempero.com\/index.php?rest_route=\/wp\/v2\/posts\/382\/revisions"}],"predecessor-version":[{"id":384,"href":"https:\/\/vaitempero.com\/index.php?rest_route=\/wp\/v2\/posts\/382\/revisions\/384"}],"wp:featuredmedia":[{"embeddable":true,"href":"https:\/\/vaitempero.com\/index.php?rest_route=\/wp\/v2\/media\/383"}],"wp:attachment":[{"href":"https:\/\/vaitempero.com\/index.php?rest_route=%2Fwp%2Fv2%2Fmedia&parent=382"}],"wp:term":[{"taxonomy":"category","embeddable":true,"href":"https:\/\/vaitempero.com\/index.php?rest_route=%2Fwp%2Fv2%2Fcategories&post=382"},{"taxonomy":"post_tag","embeddable":true,"href":"https:\/\/vaitempero.com\/index.php?rest_route=%2Fwp%2Fv2%2Ftags&post=382"}],"curies":[{"name":"wp","href":"https:\/\/api.w.org\/{rel}","templated":true}]}}