{"id":391,"date":"2021-07-12T11:49:00","date_gmt":"2021-07-12T14:49:00","guid":{"rendered":"https:\/\/vaitempero.com\/?p=391"},"modified":"2021-09-04T20:51:33","modified_gmt":"2021-09-04T23:51:33","slug":"bolinho-de-batata-com-parmesao","status":"publish","type":"post","link":"https:\/\/vaitempero.com\/?p=391","title":{"rendered":"Bolinho de batata com parmes\u00e3o"},"content":{"rendered":"\n<figure class=\"wp-block-embed is-type-video is-provider-youtube wp-block-embed-youtube wp-embed-aspect-16-9 wp-has-aspect-ratio\"><div class=\"wp-block-embed__wrapper\">\n<div class=\"ast-oembed-container \" style=\"height: 100%;\"><iframe loading=\"lazy\" title=\"Bolinho de batata com parmes\u00e3o\" width=\"500\" height=\"281\" src=\"https:\/\/www.youtube.com\/embed\/vbsoG7AD-Bo?feature=oembed\" frameborder=\"0\" allow=\"accelerometer; autoplay; clipboard-write; encrypted-media; gyroscope; picture-in-picture; web-share\" referrerpolicy=\"strict-origin-when-cross-origin\" allowfullscreen><\/iframe><\/div>\n<\/div><\/figure>\n\n\n\n<p>Loja do Vai Tempero: <a href=\"https:\/\/www.magazinevoce.com.br\/magazinevaiTempero\" target=\"_blank\" rel=\"noreferrer noopener\">https:\/\/www.magazinevoce.com.br\/magazinevaiTempero<\/a><\/p>\n\n\n\n<p>Ingredientes<\/p>\n\n\n\n<p>Batatas: cerca de 500 g<br>Ovo: 1 unidade<br>Parmes\u00e3o ralado: 1 x\u00edcara + \u00bd x\u00edcara extra para empanar<br>Salsinha picada: \u00bc x\u00edcara<br>Cebolinha picada : \u00bc x\u00edcara<br>Farinha de trigo: \u00bc x\u00edcara<br>Sal a gosto<br>Pimenta a gosto<br>Azeite para fritar<\/p>\n\n\n\n<p>Instru\u00e7\u00f5es<\/p>\n\n\n\n<p>Cozinhe as batatas em \u00e1gua fervente suavemente at\u00e9 ficarem macias, cerca de 20-25 minutos, dependendo do tamanho. Deixe esfriar completamente. Descasque.<br>Coloque as batatas em uma tigela m\u00e9dia e amasse bem com um espremedor de batatas.<br>Na mesma tigela, adicione o ovo, o parmes\u00e3o, a salsa, a cebolinha, a farinha, o sal e a pimenta. Misture tudo bem.<br>Pegue cerca de \u00bd x\u00edcara da mistura de batata e transforme-a em um hamb\u00farguer.<br>Coloque cerca de \u00bd x\u00edcara de parmes\u00e3o em um prato raso. Enrole os hamb\u00fargueres no parmes\u00e3o para empanar.<br>Aque\u00e7a um pouco de azeite em uma frigideira grande antiaderente em fogo m\u00e9dio. Adicione os hamb\u00fargueres de batata e frite por cerca de 3-4 minutos de cada lado, at\u00e9 que fiquem dourados.<\/p>\n","protected":false},"excerpt":{"rendered":"<p>Loja do Vai Tempero: https:\/\/www.magazinevoce.com.br\/magazinevaiTempero Ingredientes Batatas: cerca de 500 gOvo: 1 unidadeParmes\u00e3o ralado: 1 x\u00edcara + \u00bd x\u00edcara extra para empanarSalsinha picada: \u00bc x\u00edcaraCebolinha picada : \u00bc x\u00edcaraFarinha de trigo: \u00bc x\u00edcaraSal a gostoPimenta a gostoAzeite para fritar Instru\u00e7\u00f5es Cozinhe as batatas em \u00e1gua fervente suavemente at\u00e9 ficarem macias, cerca de 20-25 minutos, dependendo [&hellip;]<\/p>\n","protected":false},"author":1,"featured_media":392,"comment_status":"open","ping_status":"open","sticky":false,"template":"","format":"standard","meta":{"site-sidebar-layout":"default","site-content-layout":"default","ast-site-content-layout":"default","site-content-style":"default","site-sidebar-style":"default","ast-global-header-display":"","ast-banner-title-visibility":"","ast-main-header-display":"","ast-hfb-above-header-display":"","ast-hfb-below-header-display":"","ast-hfb-mobile-header-display":"","site-post-title":"","ast-breadcrumbs-content":"","ast-featured-img":"","footer-sml-layout":"","theme-transparent-header-meta":"default","adv-header-id-meta":"","stick-header-meta":"","header-above-stick-meta":"","header-main-stick-meta":"","header-below-stick-meta":"","astra-migrate-meta-layouts":"default","ast-page-background-enabled":"default","ast-page-background-meta":{"desktop":{"background-color":"","background-image":"","background-repeat":"repeat","background-position":"center center","background-size":"auto","background-attachment":"scroll","background-type":"","background-media":"","overlay-type":"","overlay-color":"","overlay-opacity":"","overlay-gradient":""},"tablet":{"background-color":"","background-image":"","background-repeat":"repeat","background-position":"center center","background-size":"auto","background-attachment":"scroll","background-type":"","background-media":"","overlay-type":"","overlay-color":"","overlay-opacity":"","overlay-gradient":""},"mobile":{"background-color":"","background-image":"","background-repeat":"repeat","background-position":"center center","background-size":"auto","background-attachment":"scroll","background-type":"","background-media":"","overlay-type":"","overlay-color":"","overlay-opacity":"","overlay-gradient":""}},"ast-content-background-meta":{"desktop":{"background-color":"var(--ast-global-color-5)","background-image":"","background-repeat":"repeat","background-position":"center center","background-size":"auto","background-attachment":"scroll","background-type":"","background-media":"","overlay-type":"","overlay-color":"","overlay-opacity":"","overlay-gradient":""},"tablet":{"background-color":"var(--ast-global-color-5)","background-image":"","background-repeat":"repeat","background-position":"center center","background-size":"auto","background-attachment":"scroll","background-type":"","background-media":"","overlay-type":"","overlay-color":"","overlay-opacity":"","overlay-gradient":""},"mobile":{"background-color":"var(--ast-global-color-5)","background-image":"","background-repeat":"repeat","background-position":"center center","background-size":"auto","background-attachment":"scroll","background-type":"","background-media":"","overlay-type":"","overlay-color":"","overlay-opacity":"","overlay-gradient":""}},"_jetpack_memberships_contains_paid_content":false,"footnotes":""},"categories":[276,19,21],"tags":[],"class_list":["post-391","post","type-post","status-publish","format-standard","has-post-thumbnail","hentry","category-culinaria-americana","category-receitas","category-receitas-salgadas"],"aioseo_notices":[],"jetpack_featured_media_url":"https:\/\/i0.wp.com\/vaitempero.com\/wp-content\/uploads\/2021\/09\/Miniatura-5.png?fit=1280%2C720&ssl=1","jetpack-related-posts":[{"id":448,"url":"https:\/\/vaitempero.com\/?p=448","url_meta":{"origin":391,"position":0},"title":"Caldo verde, perfeito para uma noite fria de inverno","author":"Vai Tempero","date":"17 de junho de 2022","format":false,"excerpt":"https:\/\/youtu.be\/hZ6wajCTOp4?cc_load_policy=1 Multiprocessador (Magazine Luiza): https:\/\/bit.ly\/3mAsktFMultiprocessador (Amazon): https:\/\/amzn.to\/3xiObe8 Ingredientes Azeite: 2,5 colheres1 cebola picada grosseiramente2 dentes de alho picados grosseiramenteBatata picada: cerca de 600g\u00c1gua at\u00e9 cobrir as batatasSal.Bacon picado: 90g.Lingui\u00e7a em rodelas: 150gPimenta do reino a gostoCebolinha picada a gosto.Couve picada: cerca de 150g Como fazer Refogue a cebola e o\u2026","rel":"","context":"Em &quot;Culin\u00e1ria portuguesa&quot;","block_context":{"text":"Culin\u00e1ria portuguesa","link":"https:\/\/vaitempero.com\/?cat=310"},"img":{"alt_text":"","src":"https:\/\/i0.wp.com\/vaitempero.com\/wp-content\/uploads\/2022\/06\/Miniatura.png?fit=1200%2C675&ssl=1&resize=350%2C200","width":350,"height":200,"srcset":"https:\/\/i0.wp.com\/vaitempero.com\/wp-content\/uploads\/2022\/06\/Miniatura.png?fit=1200%2C675&ssl=1&resize=350%2C200 1x, https:\/\/i0.wp.com\/vaitempero.com\/wp-content\/uploads\/2022\/06\/Miniatura.png?fit=1200%2C675&ssl=1&resize=525%2C300 1.5x, https:\/\/i0.wp.com\/vaitempero.com\/wp-content\/uploads\/2022\/06\/Miniatura.png?fit=1200%2C675&ssl=1&resize=700%2C400 2x, https:\/\/i0.wp.com\/vaitempero.com\/wp-content\/uploads\/2022\/06\/Miniatura.png?fit=1200%2C675&ssl=1&resize=1050%2C600 3x"},"classes":[]},{"id":441,"url":"https:\/\/vaitempero.com\/?p=441","url_meta":{"origin":391,"position":1},"title":"Kibe de ab\u00f3bora assado | receita vegana \/ vegetariana","author":"Vai Tempero","date":"19 de julho de 2021","format":false,"excerpt":"https:\/\/youtu.be\/3rR7He2BCYU?cc_load_policy=1 Loja do Vai Tempero: https:\/\/www.magazinevoce.com.br\/magazinevaiTempero Ingredientes: Trigo para kibe: 2 \u00bd x\u00edcaras ~ 320 g \u2243 11 oz.\u00c1gua: o suficiente para cobrir o trigo.\u00d3leo: aprox. 1 colher de sopa.Cebola: 1 unidade.Alho: 1 dente.Gengibre a gosto.Salsinha a gosto.Sals\u00e3o a gosto (opcional).Ab\u00f3bora picada: 8 x\u00edcaras ~ 1 kg \u2243 2.2 lb.Sal\u2026","rel":"","context":"Em &quot;Receitas&quot;","block_context":{"text":"Receitas","link":"https:\/\/vaitempero.com\/?cat=19"},"img":{"alt_text":"","src":"https:\/\/i0.wp.com\/vaitempero.com\/wp-content\/uploads\/2022\/06\/Miniatura2.png?fit=1200%2C675&ssl=1&resize=350%2C200","width":350,"height":200,"srcset":"https:\/\/i0.wp.com\/vaitempero.com\/wp-content\/uploads\/2022\/06\/Miniatura2.png?fit=1200%2C675&ssl=1&resize=350%2C200 1x, https:\/\/i0.wp.com\/vaitempero.com\/wp-content\/uploads\/2022\/06\/Miniatura2.png?fit=1200%2C675&ssl=1&resize=525%2C300 1.5x, https:\/\/i0.wp.com\/vaitempero.com\/wp-content\/uploads\/2022\/06\/Miniatura2.png?fit=1200%2C675&ssl=1&resize=700%2C400 2x, https:\/\/i0.wp.com\/vaitempero.com\/wp-content\/uploads\/2022\/06\/Miniatura2.png?fit=1200%2C675&ssl=1&resize=1050%2C600 3x"},"classes":[]},{"id":361,"url":"https:\/\/vaitempero.com\/?p=361","url_meta":{"origin":391,"position":2},"title":"Canjica \/ mungunz\u00e1 salgado delicioso","author":"Vai Tempero","date":"14 de junho de 2021","format":false,"excerpt":"https:\/\/youtu.be\/YWLFgqGt5hQ?cc_load_policy=1 Loja do Vai Tempero: https:\/\/www.magazinevoce.com.br\/magazinevaiTempero\/Receitas Para Secar em 30 Dias 2.0: https:\/\/go.hotmart.com\/U46907312P O mungunz\u00e1 \u00e9 comum em v\u00e1rias partes do pa\u00eds, tendo denomina\u00e7\u00f5es e preparos diferentes. H\u00e1 inclusive duas vers\u00f5es salgadas: uma com milho e outra com milho e feij\u00e3o encontradas no sul do Cear\u00e1 e oeste dos estados\u2026","rel":"","context":"Em &quot;Culin\u00e1ria brasileira&quot;","block_context":{"text":"Culin\u00e1ria brasileira","link":"https:\/\/vaitempero.com\/?cat=112"},"img":{"alt_text":"","src":"https:\/\/i0.wp.com\/vaitempero.com\/wp-content\/uploads\/2021\/06\/Miniatura-1.png?fit=1200%2C675&ssl=1&resize=350%2C200","width":350,"height":200,"srcset":"https:\/\/i0.wp.com\/vaitempero.com\/wp-content\/uploads\/2021\/06\/Miniatura-1.png?fit=1200%2C675&ssl=1&resize=350%2C200 1x, https:\/\/i0.wp.com\/vaitempero.com\/wp-content\/uploads\/2021\/06\/Miniatura-1.png?fit=1200%2C675&ssl=1&resize=525%2C300 1.5x, https:\/\/i0.wp.com\/vaitempero.com\/wp-content\/uploads\/2021\/06\/Miniatura-1.png?fit=1200%2C675&ssl=1&resize=700%2C400 2x, https:\/\/i0.wp.com\/vaitempero.com\/wp-content\/uploads\/2021\/06\/Miniatura-1.png?fit=1200%2C675&ssl=1&resize=1050%2C600 3x"},"classes":[]},{"id":379,"url":"https:\/\/vaitempero.com\/?p=379","url_meta":{"origin":391,"position":3},"title":"Vinho quente f\u00e1cil","author":"Vai Tempero","date":"24 de junho de 2021","format":false,"excerpt":"https:\/\/youtu.be\/WzKzAs2WumI?cc_load_policy=1 Loja do Vai Tempero: https:\/\/www.magazinevoce.com.br\/magazinevaiTemperoE-book:Queria Ser Vegan: https:\/\/go.hotmart.com\/P46922848R?dp=1 Ingredientes A\u00e7\u00facar: \u00bd x\u00edcaraCanela em pau: 2 unidadesCravo: 5 unidades (ou a gosto)\u00c1gua: 500 mlMa\u00e7\u00e3: 2 unidadesVinho tinto: 1 garrafa Como fazer Adicione o a\u00e7\u00facar, a canela e o cravo em panela.Mexa de vez em quando at\u00e9 o a\u00e7\u00facar derreter e\u2026","rel":"","context":"Em &quot;Festa Junina&quot;","block_context":{"text":"Festa Junina","link":"https:\/\/vaitempero.com\/?cat=300"},"img":{"alt_text":"","src":"https:\/\/i0.wp.com\/vaitempero.com\/wp-content\/uploads\/2021\/09\/Miniatura-1.png?fit=1200%2C675&ssl=1&resize=350%2C200","width":350,"height":200,"srcset":"https:\/\/i0.wp.com\/vaitempero.com\/wp-content\/uploads\/2021\/09\/Miniatura-1.png?fit=1200%2C675&ssl=1&resize=350%2C200 1x, https:\/\/i0.wp.com\/vaitempero.com\/wp-content\/uploads\/2021\/09\/Miniatura-1.png?fit=1200%2C675&ssl=1&resize=525%2C300 1.5x, https:\/\/i0.wp.com\/vaitempero.com\/wp-content\/uploads\/2021\/09\/Miniatura-1.png?fit=1200%2C675&ssl=1&resize=700%2C400 2x, https:\/\/i0.wp.com\/vaitempero.com\/wp-content\/uploads\/2021\/09\/Miniatura-1.png?fit=1200%2C675&ssl=1&resize=1050%2C600 3x"},"classes":[]},{"id":322,"url":"https:\/\/vaitempero.com\/?p=322","url_meta":{"origin":391,"position":4},"title":"O melhor bolo de fub\u00e1","author":"Vai Tempero","date":"31 de maio de 2021","format":false,"excerpt":"https:\/\/youtu.be\/KjDx1mJr4rc?cc_load_policy=1 Multiprocessador: https:\/\/bit.ly\/3anUwKrCurso: Doces Gourmet Lucrativos: https:\/\/go.hotmart.com\/P46923418N Ingredientes Ovos: 2 unidades\u00d3leo vegetal: 1\/2 x\u00edcara \/ 120 ml \/ 4 fl ozLeite: 1 x\u00edcara \/ 240 ml \/ 8 fl ozSal: 1 pitadaA\u00e7\u00facar: 1 x\u00edcara \/ 200 g \/ 7 ozFarinha: 1 x\u00edcara \/ 120 g \/ 4.2 ozFub\u00e1: 1 x\u00edcara\u2026","rel":"","context":"Em &quot;Culin\u00e1ria brasileira&quot;","block_context":{"text":"Culin\u00e1ria brasileira","link":"https:\/\/vaitempero.com\/?cat=112"},"img":{"alt_text":"","src":"https:\/\/i0.wp.com\/vaitempero.com\/wp-content\/uploads\/2021\/05\/Miniatura-3.png?fit=1200%2C675&ssl=1&resize=350%2C200","width":350,"height":200,"srcset":"https:\/\/i0.wp.com\/vaitempero.com\/wp-content\/uploads\/2021\/05\/Miniatura-3.png?fit=1200%2C675&ssl=1&resize=350%2C200 1x, https:\/\/i0.wp.com\/vaitempero.com\/wp-content\/uploads\/2021\/05\/Miniatura-3.png?fit=1200%2C675&ssl=1&resize=525%2C300 1.5x, https:\/\/i0.wp.com\/vaitempero.com\/wp-content\/uploads\/2021\/05\/Miniatura-3.png?fit=1200%2C675&ssl=1&resize=700%2C400 2x, https:\/\/i0.wp.com\/vaitempero.com\/wp-content\/uploads\/2021\/05\/Miniatura-3.png?fit=1200%2C675&ssl=1&resize=1050%2C600 3x"},"classes":[]},{"id":382,"url":"https:\/\/vaitempero.com\/?p=382","url_meta":{"origin":391,"position":5},"title":"Arroz doce cremoso caramelado","author":"Vai Tempero","date":"28 de junho de 2021","format":false,"excerpt":"https:\/\/youtu.be\/4oeYGVlzAac?cc_load_policy=1 Loja do Vai Tempero: https:\/\/www.magazinevoce.com.br\/magazinevaiTempero Ingredientes \u00c1gua: 3 x\u00edcarasArroz: 1 x\u00edcaraLeite: 3 x\u00edcarasCanela em pau a gosto (opcional)A\u00e7\u00facar: 1 x\u00edcara de a\u00e7\u00facar (1 \u00bd se quiser mais doce) Como fazer Ferver o arroz com \u00e1gua at\u00e9 quase secar.Acrescentar o leite e cozinhar at\u00e9 o arroz ficar al dente.Deixar o\u2026","rel":"","context":"Em &quot;Festa Junina&quot;","block_context":{"text":"Festa Junina","link":"https:\/\/vaitempero.com\/?cat=300"},"img":{"alt_text":"","src":"https:\/\/i0.wp.com\/vaitempero.com\/wp-content\/uploads\/2021\/09\/Miniatura-2.png?fit=1200%2C675&ssl=1&resize=350%2C200","width":350,"height":200,"srcset":"https:\/\/i0.wp.com\/vaitempero.com\/wp-content\/uploads\/2021\/09\/Miniatura-2.png?fit=1200%2C675&ssl=1&resize=350%2C200 1x, https:\/\/i0.wp.com\/vaitempero.com\/wp-content\/uploads\/2021\/09\/Miniatura-2.png?fit=1200%2C675&ssl=1&resize=525%2C300 1.5x, https:\/\/i0.wp.com\/vaitempero.com\/wp-content\/uploads\/2021\/09\/Miniatura-2.png?fit=1200%2C675&ssl=1&resize=700%2C400 2x, https:\/\/i0.wp.com\/vaitempero.com\/wp-content\/uploads\/2021\/09\/Miniatura-2.png?fit=1200%2C675&ssl=1&resize=1050%2C600 3x"},"classes":[]}],"jetpack_sharing_enabled":true,"_links":{"self":[{"href":"https:\/\/vaitempero.com\/index.php?rest_route=\/wp\/v2\/posts\/391","targetHints":{"allow":["GET"]}}],"collection":[{"href":"https:\/\/vaitempero.com\/index.php?rest_route=\/wp\/v2\/posts"}],"about":[{"href":"https:\/\/vaitempero.com\/index.php?rest_route=\/wp\/v2\/types\/post"}],"author":[{"embeddable":true,"href":"https:\/\/vaitempero.com\/index.php?rest_route=\/wp\/v2\/users\/1"}],"replies":[{"embeddable":true,"href":"https:\/\/vaitempero.com\/index.php?rest_route=%2Fwp%2Fv2%2Fcomments&post=391"}],"version-history":[{"count":1,"href":"https:\/\/vaitempero.com\/index.php?rest_route=\/wp\/v2\/posts\/391\/revisions"}],"predecessor-version":[{"id":393,"href":"https:\/\/vaitempero.com\/index.php?rest_route=\/wp\/v2\/posts\/391\/revisions\/393"}],"wp:featuredmedia":[{"embeddable":true,"href":"https:\/\/vaitempero.com\/index.php?rest_route=\/wp\/v2\/media\/392"}],"wp:attachment":[{"href":"https:\/\/vaitempero.com\/index.php?rest_route=%2Fwp%2Fv2%2Fmedia&parent=391"}],"wp:term":[{"taxonomy":"category","embeddable":true,"href":"https:\/\/vaitempero.com\/index.php?rest_route=%2Fwp%2Fv2%2Fcategories&post=391"},{"taxonomy":"post_tag","embeddable":true,"href":"https:\/\/vaitempero.com\/index.php?rest_route=%2Fwp%2Fv2%2Ftags&post=391"}],"curies":[{"name":"wp","href":"https:\/\/api.w.org\/{rel}","templated":true}]}}