{"id":398,"date":"2021-09-13T14:07:00","date_gmt":"2021-09-13T17:07:00","guid":{"rendered":"https:\/\/vaitempero.com\/?p=398"},"modified":"2022-01-20T11:26:57","modified_gmt":"2022-01-20T14:26:57","slug":"geleia-de-pimenta-com-maca","status":"publish","type":"post","link":"https:\/\/vaitempero.com\/?p=398","title":{"rendered":"Geleia de pimenta com ma\u00e7\u00e3"},"content":{"rendered":"\n<figure class=\"wp-block-embed is-type-video is-provider-youtube wp-block-embed-youtube wp-embed-aspect-16-9 wp-has-aspect-ratio\"><div class=\"wp-block-embed__wrapper\">\n<div class=\"ast-oembed-container \" style=\"height: 100%;\"><iframe loading=\"lazy\" title=\"Geleia de pimenta com ma\u00e7\u00e3\" width=\"500\" height=\"281\" src=\"https:\/\/www.youtube.com\/embed\/AnjtgdiiwE0?feature=oembed\" frameborder=\"0\" allow=\"accelerometer; autoplay; clipboard-write; encrypted-media; gyroscope; picture-in-picture; web-share\" referrerpolicy=\"strict-origin-when-cross-origin\" allowfullscreen><\/iframe><\/div>\n<\/div><\/figure>\n\n\n\n<p>Loja do Vai Tempero: https:\/\/www.magazinevoce.com.br\/magazinevaiTempero<\/p>\n\n\n\n<p>Ingredientes:<\/p>\n\n\n\n<p>Ma\u00e7\u00e3s picadas: 2 unidades<br>Pimenta vermelha: 1 unidade<br>Suco de 1 lim\u00e3o grande<br>\u00c1gua: meia x\u00edcara.<br>A\u00e7\u00facar: 1 x\u00edcara<br>Pimenta vermelha picada: 3 unidades<\/p>\n\n\n\n<p>Como fazer<\/p>\n\n\n\n<p>No liquidificador adicione as ma\u00e7\u00e3s, uma pimenta, o lim\u00e3o e \u00e1gua. Bata at\u00e9 ficar homog\u00eaneo.<br>Despeje a mistura numa panela, adicione o a\u00e7\u00facar e a pimenta picada. Deixe ferver em fogo m\u00e9dio baixo at\u00e9 ficar espesso. Se quiser que a gel\u00e9ia fica mais clara, retire a espuma que se forma quando ferve.<\/p>\n","protected":false},"excerpt":{"rendered":"<p>Loja do Vai Tempero: https:\/\/www.magazinevoce.com.br\/magazinevaiTempero Ingredientes: Ma\u00e7\u00e3s picadas: 2 unidadesPimenta vermelha: 1 unidadeSuco de 1 lim\u00e3o grande\u00c1gua: meia x\u00edcara.A\u00e7\u00facar: 1 x\u00edcaraPimenta vermelha picada: 3 unidades Como fazer No liquidificador adicione as ma\u00e7\u00e3s, uma pimenta, o lim\u00e3o e \u00e1gua. Bata at\u00e9 ficar homog\u00eaneo.Despeje a mistura numa panela, adicione o a\u00e7\u00facar e a pimenta picada. Deixe ferver [&hellip;]<\/p>\n","protected":false},"author":1,"featured_media":402,"comment_status":"open","ping_status":"open","sticky":false,"template":"","format":"standard","meta":{"site-sidebar-layout":"default","site-content-layout":"default","ast-site-content-layout":"default","site-content-style":"default","site-sidebar-style":"default","ast-global-header-display":"","ast-banner-title-visibility":"","ast-main-header-display":"","ast-hfb-above-header-display":"","ast-hfb-below-header-display":"","ast-hfb-mobile-header-display":"","site-post-title":"","ast-breadcrumbs-content":"","ast-featured-img":"","footer-sml-layout":"","theme-transparent-header-meta":"default","adv-header-id-meta":"","stick-header-meta":"","header-above-stick-meta":"","header-main-stick-meta":"","header-below-stick-meta":"","astra-migrate-meta-layouts":"default","ast-page-background-enabled":"default","ast-page-background-meta":{"desktop":{"background-color":"","background-image":"","background-repeat":"repeat","background-position":"center center","background-size":"auto","background-attachment":"scroll","background-type":"","background-media":"","overlay-type":"","overlay-color":"","overlay-opacity":"","overlay-gradient":""},"tablet":{"background-color":"","background-image":"","background-repeat":"repeat","background-position":"center center","background-size":"auto","background-attachment":"scroll","background-type":"","background-media":"","overlay-type":"","overlay-color":"","overlay-opacity":"","overlay-gradient":""},"mobile":{"background-color":"","background-image":"","background-repeat":"repeat","background-position":"center center","background-size":"auto","background-attachment":"scroll","background-type":"","background-media":"","overlay-type":"","overlay-color":"","overlay-opacity":"","overlay-gradient":""}},"ast-content-background-meta":{"desktop":{"background-color":"var(--ast-global-color-5)","background-image":"","background-repeat":"repeat","background-position":"center center","background-size":"auto","background-attachment":"scroll","background-type":"","background-media":"","overlay-type":"","overlay-color":"","overlay-opacity":"","overlay-gradient":""},"tablet":{"background-color":"var(--ast-global-color-5)","background-image":"","background-repeat":"repeat","background-position":"center center","background-size":"auto","background-attachment":"scroll","background-type":"","background-media":"","overlay-type":"","overlay-color":"","overlay-opacity":"","overlay-gradient":""},"mobile":{"background-color":"var(--ast-global-color-5)","background-image":"","background-repeat":"repeat","background-position":"center center","background-size":"auto","background-attachment":"scroll","background-type":"","background-media":"","overlay-type":"","overlay-color":"","overlay-opacity":"","overlay-gradient":""}},"_jetpack_memberships_contains_paid_content":false,"footnotes":""},"categories":[19],"tags":[],"class_list":["post-398","post","type-post","status-publish","format-standard","has-post-thumbnail","hentry","category-receitas"],"aioseo_notices":[],"jetpack_featured_media_url":"https:\/\/i0.wp.com\/vaitempero.com\/wp-content\/uploads\/2021\/09\/Miniatura-7.png?fit=1280%2C720&ssl=1","jetpack-related-posts":[{"id":214,"url":"https:\/\/vaitempero.com\/?p=214","url_meta":{"origin":398,"position":0},"title":"Cuscuz Marroquino com Camar\u00e3o","author":"Vai Tempero","date":"7 de dezembro de 2020","format":false,"excerpt":"https:\/\/www.youtube.com\/watch?v=Sgz6PW-E2yk Ingredientes Cuscuz marroquino: 500 gramasCamar\u00e3o: 200 gramasCastanhas picadas: 200 gramasCaldo de camar\u00e3o: meio litroTemperos de sua prefer\u00eancia (pimenta do reino em gr\u00e3o, louro, zimbro, etc)Cebola picada: meia unidadeAlho: 1 denteAzeite: aproximadamente 1 colherPimenta caiena: 1 pitadaCanela em p\u00f3: 1 pitadaRaspas de lim\u00e3oSuco de lim\u00e3o Como fazer Limpe os camar\u00f5es\u2026","rel":"","context":"Em &quot;Receitas&quot;","block_context":{"text":"Receitas","link":"https:\/\/vaitempero.com\/?cat=19"},"img":{"alt_text":"","src":"https:\/\/i0.wp.com\/vaitempero.com\/wp-content\/uploads\/2021\/02\/Miniatura-8.png?fit=1200%2C675&ssl=1&resize=350%2C200","width":350,"height":200,"srcset":"https:\/\/i0.wp.com\/vaitempero.com\/wp-content\/uploads\/2021\/02\/Miniatura-8.png?fit=1200%2C675&ssl=1&resize=350%2C200 1x, https:\/\/i0.wp.com\/vaitempero.com\/wp-content\/uploads\/2021\/02\/Miniatura-8.png?fit=1200%2C675&ssl=1&resize=525%2C300 1.5x, https:\/\/i0.wp.com\/vaitempero.com\/wp-content\/uploads\/2021\/02\/Miniatura-8.png?fit=1200%2C675&ssl=1&resize=700%2C400 2x, https:\/\/i0.wp.com\/vaitempero.com\/wp-content\/uploads\/2021\/02\/Miniatura-8.png?fit=1200%2C675&ssl=1&resize=1050%2C600 3x"},"classes":[]},{"id":391,"url":"https:\/\/vaitempero.com\/?p=391","url_meta":{"origin":398,"position":1},"title":"Bolinho de batata com parmes\u00e3o","author":"Vai Tempero","date":"12 de julho de 2021","format":false,"excerpt":"https:\/\/youtu.be\/vbsoG7AD-Bo?cc_load_policy=1 Loja do Vai Tempero: https:\/\/www.magazinevoce.com.br\/magazinevaiTempero Ingredientes Batatas: cerca de 500 gOvo: 1 unidadeParmes\u00e3o ralado: 1 x\u00edcara + \u00bd x\u00edcara extra para empanarSalsinha picada: \u00bc x\u00edcaraCebolinha picada : \u00bc x\u00edcaraFarinha de trigo: \u00bc x\u00edcaraSal a gostoPimenta a gostoAzeite para fritar Instru\u00e7\u00f5es Cozinhe as batatas em \u00e1gua fervente suavemente at\u00e9 ficarem\u2026","rel":"","context":"Em &quot;Culin\u00e1ria americana&quot;","block_context":{"text":"Culin\u00e1ria americana","link":"https:\/\/vaitempero.com\/?cat=276"},"img":{"alt_text":"","src":"https:\/\/i0.wp.com\/vaitempero.com\/wp-content\/uploads\/2021\/09\/Miniatura-5.png?fit=1200%2C675&ssl=1&resize=350%2C200","width":350,"height":200,"srcset":"https:\/\/i0.wp.com\/vaitempero.com\/wp-content\/uploads\/2021\/09\/Miniatura-5.png?fit=1200%2C675&ssl=1&resize=350%2C200 1x, https:\/\/i0.wp.com\/vaitempero.com\/wp-content\/uploads\/2021\/09\/Miniatura-5.png?fit=1200%2C675&ssl=1&resize=525%2C300 1.5x, https:\/\/i0.wp.com\/vaitempero.com\/wp-content\/uploads\/2021\/09\/Miniatura-5.png?fit=1200%2C675&ssl=1&resize=700%2C400 2x, https:\/\/i0.wp.com\/vaitempero.com\/wp-content\/uploads\/2021\/09\/Miniatura-5.png?fit=1200%2C675&ssl=1&resize=1050%2C600 3x"},"classes":[]},{"id":448,"url":"https:\/\/vaitempero.com\/?p=448","url_meta":{"origin":398,"position":2},"title":"Caldo verde, perfeito para uma noite fria de inverno","author":"Vai Tempero","date":"17 de junho de 2022","format":false,"excerpt":"https:\/\/youtu.be\/hZ6wajCTOp4?cc_load_policy=1 Multiprocessador (Magazine Luiza): https:\/\/bit.ly\/3mAsktFMultiprocessador (Amazon): https:\/\/amzn.to\/3xiObe8 Ingredientes Azeite: 2,5 colheres1 cebola picada grosseiramente2 dentes de alho picados grosseiramenteBatata picada: cerca de 600g\u00c1gua at\u00e9 cobrir as batatasSal.Bacon picado: 90g.Lingui\u00e7a em rodelas: 150gPimenta do reino a gostoCebolinha picada a gosto.Couve picada: cerca de 150g Como fazer Refogue a cebola e o\u2026","rel":"","context":"Em &quot;Culin\u00e1ria portuguesa&quot;","block_context":{"text":"Culin\u00e1ria portuguesa","link":"https:\/\/vaitempero.com\/?cat=310"},"img":{"alt_text":"","src":"https:\/\/i0.wp.com\/vaitempero.com\/wp-content\/uploads\/2022\/06\/Miniatura.png?fit=1200%2C675&ssl=1&resize=350%2C200","width":350,"height":200,"srcset":"https:\/\/i0.wp.com\/vaitempero.com\/wp-content\/uploads\/2022\/06\/Miniatura.png?fit=1200%2C675&ssl=1&resize=350%2C200 1x, https:\/\/i0.wp.com\/vaitempero.com\/wp-content\/uploads\/2022\/06\/Miniatura.png?fit=1200%2C675&ssl=1&resize=525%2C300 1.5x, https:\/\/i0.wp.com\/vaitempero.com\/wp-content\/uploads\/2022\/06\/Miniatura.png?fit=1200%2C675&ssl=1&resize=700%2C400 2x, https:\/\/i0.wp.com\/vaitempero.com\/wp-content\/uploads\/2022\/06\/Miniatura.png?fit=1200%2C675&ssl=1&resize=1050%2C600 3x"},"classes":[]},{"id":304,"url":"https:\/\/vaitempero.com\/?p=304","url_meta":{"origin":398,"position":3},"title":"Guacamole delicioso e f\u00e1cil | Receita vegetariana \/ vegana \/ low carb","author":"Vai Tempero","date":"3 de maio de 2021","format":false,"excerpt":"https:\/\/youtu.be\/D28x_cusHHc?cc_load_policy=1 Tigela de 400ml: https:\/\/bit.ly\/3nALPlrE-book: 300 Receitas Low Carb: https:\/\/go.hotmart.com\/O46925552G Ingredientes Abacate: 1\/2 unidadeTomate: 1\/2 unidadeCebola: 1\/2 unidadePimenta vermelha: 1 unidade pequenaCoentro a gostoLim\u00e3o-cravo: 1\/2 unidadeSal a gosto Como fazer Retire a poupa do abacate, coloque numa tigela e amasse um pouco.Pique o tomate, a cebola e pimenta em cubinho\u2026","rel":"","context":"Em &quot;Receitas&quot;","block_context":{"text":"Receitas","link":"https:\/\/vaitempero.com\/?cat=19"},"img":{"alt_text":"","src":"https:\/\/i0.wp.com\/vaitempero.com\/wp-content\/uploads\/2021\/05\/1.png?fit=1200%2C675&ssl=1&resize=350%2C200","width":350,"height":200,"srcset":"https:\/\/i0.wp.com\/vaitempero.com\/wp-content\/uploads\/2021\/05\/1.png?fit=1200%2C675&ssl=1&resize=350%2C200 1x, https:\/\/i0.wp.com\/vaitempero.com\/wp-content\/uploads\/2021\/05\/1.png?fit=1200%2C675&ssl=1&resize=525%2C300 1.5x, https:\/\/i0.wp.com\/vaitempero.com\/wp-content\/uploads\/2021\/05\/1.png?fit=1200%2C675&ssl=1&resize=700%2C400 2x, https:\/\/i0.wp.com\/vaitempero.com\/wp-content\/uploads\/2021\/05\/1.png?fit=1200%2C675&ssl=1&resize=1050%2C600 3x"},"classes":[]},{"id":388,"url":"https:\/\/vaitempero.com\/?p=388","url_meta":{"origin":398,"position":4},"title":"Rabada bem f\u00e1cil e saborosa na panela de press\u00e3o","author":"Vai Tempero","date":"5 de julho de 2021","format":false,"excerpt":"https:\/\/youtu.be\/gjfbZfVMrs4?cc_load_policy=1 Loja do Vai Tempero: https:\/\/www.magazinevoce.com.br\/magazinevaiTempero Ingredientes: Banha: 1 colher de sopa.Rabo de boi: 1kg 2 lb.Cebola picada: 1 unidade.Sals\u00e3o picado: 1 talo.Alho picado: 3 dentes.Cenoura picada: 1 unidade.Tomate picado: 3 unidades.Sal: 1 colher de sopa.Cominho a gosto.Urucum a gosto.Pimenta calabresa a gosto.Folhas de louro.\u00c1gua at\u00e9 cobrir o rabo de\u2026","rel":"","context":"Em &quot;Receitas&quot;","block_context":{"text":"Receitas","link":"https:\/\/vaitempero.com\/?cat=19"},"img":{"alt_text":"","src":"https:\/\/i0.wp.com\/vaitempero.com\/wp-content\/uploads\/2021\/09\/Miniatura-4.png?fit=1200%2C675&ssl=1&resize=350%2C200","width":350,"height":200,"srcset":"https:\/\/i0.wp.com\/vaitempero.com\/wp-content\/uploads\/2021\/09\/Miniatura-4.png?fit=1200%2C675&ssl=1&resize=350%2C200 1x, https:\/\/i0.wp.com\/vaitempero.com\/wp-content\/uploads\/2021\/09\/Miniatura-4.png?fit=1200%2C675&ssl=1&resize=525%2C300 1.5x, https:\/\/i0.wp.com\/vaitempero.com\/wp-content\/uploads\/2021\/09\/Miniatura-4.png?fit=1200%2C675&ssl=1&resize=700%2C400 2x, https:\/\/i0.wp.com\/vaitempero.com\/wp-content\/uploads\/2021\/09\/Miniatura-4.png?fit=1200%2C675&ssl=1&resize=1050%2C600 3x"},"classes":[]},{"id":542,"url":"https:\/\/vaitempero.com\/?p=542","url_meta":{"origin":398,"position":5},"title":"Conchiglione com Ab\u00f3bora e Carne Seca: A Receita Cremosa que Vai Impressionar","author":"Vai Tempero","date":"31 de outubro de 2022","format":false,"excerpt":"Prepare-se para levar seus pratos de massa a um novo patamar. O Conchiglione com Ab\u00f3bora e Carne Seca \u00e9 a receita ideal para quem busca um prato que equilibra sofistica\u00e7\u00e3o e um profundo sabor caseiro. A cremosidade do pur\u00ea de ab\u00f3bora se une \u00e0 textura e ao sabor marcante da\u2026","rel":"","context":"Em &quot;Culin\u00e1ria brasileira&quot;","block_context":{"text":"Culin\u00e1ria brasileira","link":"https:\/\/vaitempero.com\/?cat=112"},"img":{"alt_text":"","src":"https:\/\/i0.wp.com\/vaitempero.com\/wp-content\/uploads\/2025\/08\/maxresdefault-1.webp?fit=1200%2C675&ssl=1&resize=350%2C200","width":350,"height":200,"srcset":"https:\/\/i0.wp.com\/vaitempero.com\/wp-content\/uploads\/2025\/08\/maxresdefault-1.webp?fit=1200%2C675&ssl=1&resize=350%2C200 1x, https:\/\/i0.wp.com\/vaitempero.com\/wp-content\/uploads\/2025\/08\/maxresdefault-1.webp?fit=1200%2C675&ssl=1&resize=525%2C300 1.5x, https:\/\/i0.wp.com\/vaitempero.com\/wp-content\/uploads\/2025\/08\/maxresdefault-1.webp?fit=1200%2C675&ssl=1&resize=700%2C400 2x, https:\/\/i0.wp.com\/vaitempero.com\/wp-content\/uploads\/2025\/08\/maxresdefault-1.webp?fit=1200%2C675&ssl=1&resize=1050%2C600 3x"},"classes":[]}],"jetpack_sharing_enabled":true,"_links":{"self":[{"href":"https:\/\/vaitempero.com\/index.php?rest_route=\/wp\/v2\/posts\/398","targetHints":{"allow":["GET"]}}],"collection":[{"href":"https:\/\/vaitempero.com\/index.php?rest_route=\/wp\/v2\/posts"}],"about":[{"href":"https:\/\/vaitempero.com\/index.php?rest_route=\/wp\/v2\/types\/post"}],"author":[{"embeddable":true,"href":"https:\/\/vaitempero.com\/index.php?rest_route=\/wp\/v2\/users\/1"}],"replies":[{"embeddable":true,"href":"https:\/\/vaitempero.com\/index.php?rest_route=%2Fwp%2Fv2%2Fcomments&post=398"}],"version-history":[{"count":1,"href":"https:\/\/vaitempero.com\/index.php?rest_route=\/wp\/v2\/posts\/398\/revisions"}],"predecessor-version":[{"id":400,"href":"https:\/\/vaitempero.com\/index.php?rest_route=\/wp\/v2\/posts\/398\/revisions\/400"}],"wp:featuredmedia":[{"embeddable":true,"href":"https:\/\/vaitempero.com\/index.php?rest_route=\/wp\/v2\/media\/402"}],"wp:attachment":[{"href":"https:\/\/vaitempero.com\/index.php?rest_route=%2Fwp%2Fv2%2Fmedia&parent=398"}],"wp:term":[{"taxonomy":"category","embeddable":true,"href":"https:\/\/vaitempero.com\/index.php?rest_route=%2Fwp%2Fv2%2Fcategories&post=398"},{"taxonomy":"post_tag","embeddable":true,"href":"https:\/\/vaitempero.com\/index.php?rest_route=%2Fwp%2Fv2%2Ftags&post=398"}],"curies":[{"name":"wp","href":"https:\/\/api.w.org\/{rel}","templated":true}]}}