{"id":484,"date":"2022-06-24T11:45:00","date_gmt":"2022-06-24T14:45:00","guid":{"rendered":"https:\/\/vaitempero.com\/?p=484"},"modified":"2022-07-07T20:02:03","modified_gmt":"2022-07-07T23:02:03","slug":"uma-receita-facil-e-deliciosa-de-pacoca-com-apenas-3-ingredientes","status":"publish","type":"post","link":"https:\/\/vaitempero.com\/?p=484","title":{"rendered":"Uma receita f\u00e1cil e deliciosa de pa\u00e7oca com apenas 3 ingredientes"},"content":{"rendered":"\n<figure class=\"wp-block-embed is-type-video is-provider-youtube wp-block-embed-youtube wp-embed-aspect-16-9 wp-has-aspect-ratio\"><div class=\"wp-block-embed__wrapper\">\n<div class=\"ast-oembed-container \" style=\"height: 100%;\"><iframe loading=\"lazy\" title=\"Uma receita f\u00e1cil e deliciosa de pa\u00e7oca com apenas 3 ingredientes\" width=\"500\" height=\"281\" src=\"https:\/\/www.youtube.com\/embed\/6BhNPUSLlik?feature=oembed\" frameborder=\"0\" allow=\"accelerometer; autoplay; clipboard-write; encrypted-media; gyroscope; picture-in-picture; web-share\" referrerpolicy=\"strict-origin-when-cross-origin\" allowfullscreen><\/iframe><\/div>\n<\/div><\/figure>\n\n\n\n<h2 class=\"wp-block-heading\">Ingredientes<\/h2>\n\n\n\n<p>Amendoim torrado sem pele: 2 x\u00edcaras<br>A\u00e7\u00facar refinado: 1 x\u00edcara<br>1 pitada de sal<\/p>\n\n\n\n<p>Multiprocessador (Magazine Luiza): <a href=\"https:\/\/bit.ly\/3mAsktF\" target=\"_blank\" rel=\"noreferrer noopener\">https:\/\/bit.ly\/3mAsktF<\/a><br>Multiprocessador (Amazon): <a href=\"https:\/\/amzn.to\/3xiObe8\" target=\"_blank\" rel=\"noreferrer noopener\">https:\/\/amzn.to\/3xiObe8<\/a><\/p>\n\n\n\n<h2 class=\"wp-block-heading\">Como fazer<\/h2>\n\n\n\n<p>Coloque todos os ingredientes no processador<br>Triture no processador at\u00e9 conseguir apertar com a m\u00e3o e manter a forma<br>Despeje em uma forma\/assadeira<br>Modele na espessura desejada<br>Leve para geladeira por 20 minutos<br>Corte as pa\u00e7ocas no tamanho desejado<\/p>\n","protected":false},"excerpt":{"rendered":"<p>Ingredientes Amendoim torrado sem pele: 2 x\u00edcarasA\u00e7\u00facar refinado: 1 x\u00edcara1 pitada de sal Multiprocessador (Magazine Luiza): https:\/\/bit.ly\/3mAsktFMultiprocessador (Amazon): https:\/\/amzn.to\/3xiObe8 Como fazer Coloque todos os ingredientes no processadorTriture no processador at\u00e9 conseguir apertar com a m\u00e3o e manter a formaDespeje em uma forma\/assadeiraModele na espessura desejadaLeve para geladeira por 20 minutosCorte as pa\u00e7ocas no tamanho desejado<\/p>\n","protected":false},"author":1,"featured_media":485,"comment_status":"open","ping_status":"open","sticky":false,"template":"","format":"standard","meta":{"site-sidebar-layout":"default","site-content-layout":"","ast-site-content-layout":"default","site-content-style":"default","site-sidebar-style":"default","ast-global-header-display":"","ast-banner-title-visibility":"","ast-main-header-display":"","ast-hfb-above-header-display":"","ast-hfb-below-header-display":"","ast-hfb-mobile-header-display":"","site-post-title":"","ast-breadcrumbs-content":"","ast-featured-img":"","footer-sml-layout":"","theme-transparent-header-meta":"","adv-header-id-meta":"","stick-header-meta":"","header-above-stick-meta":"","header-main-stick-meta":"","header-below-stick-meta":"","astra-migrate-meta-layouts":"default","ast-page-background-enabled":"default","ast-page-background-meta":{"desktop":{"background-color":"","background-image":"","background-repeat":"repeat","background-position":"center center","background-size":"auto","background-attachment":"scroll","background-type":"","background-media":"","overlay-type":"","overlay-color":"","overlay-opacity":"","overlay-gradient":""},"tablet":{"background-color":"","background-image":"","background-repeat":"repeat","background-position":"center center","background-size":"auto","background-attachment":"scroll","background-type":"","background-media":"","overlay-type":"","overlay-color":"","overlay-opacity":"","overlay-gradient":""},"mobile":{"background-color":"","background-image":"","background-repeat":"repeat","background-position":"center center","background-size":"auto","background-attachment":"scroll","background-type":"","background-media":"","overlay-type":"","overlay-color":"","overlay-opacity":"","overlay-gradient":""}},"ast-content-background-meta":{"desktop":{"background-color":"var(--ast-global-color-5)","background-image":"","background-repeat":"repeat","background-position":"center center","background-size":"auto","background-attachment":"scroll","background-type":"","background-media":"","overlay-type":"","overlay-color":"","overlay-opacity":"","overlay-gradient":""},"tablet":{"background-color":"var(--ast-global-color-5)","background-image":"","background-repeat":"repeat","background-position":"center center","background-size":"auto","background-attachment":"scroll","background-type":"","background-media":"","overlay-type":"","overlay-color":"","overlay-opacity":"","overlay-gradient":""},"mobile":{"background-color":"var(--ast-global-color-5)","background-image":"","background-repeat":"repeat","background-position":"center center","background-size":"auto","background-attachment":"scroll","background-type":"","background-media":"","overlay-type":"","overlay-color":"","overlay-opacity":"","overlay-gradient":""}},"_jetpack_memberships_contains_paid_content":false,"footnotes":""},"categories":[112,300,19,116],"tags":[],"class_list":["post-484","post","type-post","status-publish","format-standard","has-post-thumbnail","hentry","category-culinaria-brasileira","category-festa-junina","category-receitas","category-receitas-doces"],"aioseo_notices":[],"jetpack_featured_media_url":"https:\/\/i0.wp.com\/vaitempero.com\/wp-content\/uploads\/2022\/06\/Miniatura-2.png?fit=1280%2C720&ssl=1","jetpack-related-posts":[{"id":308,"url":"https:\/\/vaitempero.com\/?p=308","url_meta":{"origin":484,"position":0},"title":"Chips de tortilla para nacho | Receita vegetariana \/ vegana","author":"Vai Tempero","date":"6 de maio de 2021","format":false,"excerpt":"https:\/\/youtu.be\/VpOYI5G-T9Y?cc_load_policy=1 Loja do Vai Tempero: https:\/\/www.magazinevoce.com.br\/magazinevaiTempero\/E-book:Queria Ser Vegan: https:\/\/go.hotmart.com\/P46922848R?dp=1 Ingredientes Fub\u00e1 ou farinha de milho: 1\/2 x\u00edcaraFarinha de trigo: 1\/2 x\u00edcaraP\u00e1prica defumada ou picante: 1 colher de sopaSal a gosto\u00c1gua: 4 a 6 colheres Como fazer Adicione todos os ingredientes secos em uma tigela e misture.Adicione 4 colheres de \u00e1gua\u2026","rel":"","context":"Em &quot;Receitas&quot;","block_context":{"text":"Receitas","link":"https:\/\/vaitempero.com\/?cat=19"},"img":{"alt_text":"","src":"https:\/\/i0.wp.com\/vaitempero.com\/wp-content\/uploads\/2021\/05\/Miniatura.png?fit=1200%2C675&ssl=1&resize=350%2C200","width":350,"height":200,"srcset":"https:\/\/i0.wp.com\/vaitempero.com\/wp-content\/uploads\/2021\/05\/Miniatura.png?fit=1200%2C675&ssl=1&resize=350%2C200 1x, https:\/\/i0.wp.com\/vaitempero.com\/wp-content\/uploads\/2021\/05\/Miniatura.png?fit=1200%2C675&ssl=1&resize=525%2C300 1.5x, https:\/\/i0.wp.com\/vaitempero.com\/wp-content\/uploads\/2021\/05\/Miniatura.png?fit=1200%2C675&ssl=1&resize=700%2C400 2x, https:\/\/i0.wp.com\/vaitempero.com\/wp-content\/uploads\/2021\/05\/Miniatura.png?fit=1200%2C675&ssl=1&resize=1050%2C600 3x"},"classes":[]},{"id":528,"url":"https:\/\/vaitempero.com\/?p=528","url_meta":{"origin":484,"position":1},"title":"Palitos de cebola","author":"Vai Tempero","date":"17 de outubro de 2022","format":false,"excerpt":"https:\/\/youtu.be\/_NiixhDsqrg?si=x7TybP-yN6DzRJVe?cc_load_policy=1 Ingredientes Farinha de trigo: 500g 2 ovos Fermento em p\u00f3: 1 col de sopa Amido de milho: 3 col de sopa Leite: 1\/2 x\u00edcara \u00d3leo: 1 x\u00edcara Queijo ralado: 1 x\u00edcara Sal a gosto Pimenta do reino a gosto 3 cebolas m\u00e9dias raladas Forno Mueller: https:\/\/bit.ly\/3OjbECU Modo de Preparo:\u2026","rel":"","context":"Em &quot;Receitas&quot;","block_context":{"text":"Receitas","link":"https:\/\/vaitempero.com\/?cat=19"},"img":{"alt_text":"","src":"https:\/\/i0.wp.com\/vaitempero.com\/wp-content\/uploads\/2024\/11\/maxresdefault.webp?fit=1200%2C675&ssl=1&resize=350%2C200","width":350,"height":200,"srcset":"https:\/\/i0.wp.com\/vaitempero.com\/wp-content\/uploads\/2024\/11\/maxresdefault.webp?fit=1200%2C675&ssl=1&resize=350%2C200 1x, https:\/\/i0.wp.com\/vaitempero.com\/wp-content\/uploads\/2024\/11\/maxresdefault.webp?fit=1200%2C675&ssl=1&resize=525%2C300 1.5x, https:\/\/i0.wp.com\/vaitempero.com\/wp-content\/uploads\/2024\/11\/maxresdefault.webp?fit=1200%2C675&ssl=1&resize=700%2C400 2x, https:\/\/i0.wp.com\/vaitempero.com\/wp-content\/uploads\/2024\/11\/maxresdefault.webp?fit=1200%2C675&ssl=1&resize=1050%2C600 3x"},"classes":[]},{"id":372,"url":"https:\/\/vaitempero.com\/?p=372","url_meta":{"origin":484,"position":2},"title":"Quent\u00e3o tradicional: simples e gostoso","author":"Vai Tempero","date":"17 de junho de 2021","format":false,"excerpt":"https:\/\/youtu.be\/-bVOye2xiTg?cc_load_policy=1 Loja do Vai Tempero: https:\/\/www.magazinevoce.com.br\/magazinevaiTempero Ingredientes A\u00e7\u00facar: 1 x\u00edcara\u00c1gua: 600 mlGengibre a gostoCravo-da-\u00edndia a gostoCanela em pau a gostoCacha\u00e7a: 600 ml Como fazer Caramelizar o a\u00e7\u00facar. (Tamb\u00e9m pode fazer sem caramelizar)Adicionar \u00e1gua.Dissolver o caramelo.Adicionar os outros ingredientes.Ferver por 15-20 minutos.Se quiser mais forte, pode acrescentar a cacha\u00e7a depois de\u2026","rel":"","context":"Em &quot;Culin\u00e1ria brasileira&quot;","block_context":{"text":"Culin\u00e1ria brasileira","link":"https:\/\/vaitempero.com\/?cat=112"},"img":{"alt_text":"","src":"https:\/\/i0.wp.com\/vaitempero.com\/wp-content\/uploads\/2021\/09\/Miniatura2.png?fit=1200%2C675&ssl=1&resize=350%2C200","width":350,"height":200,"srcset":"https:\/\/i0.wp.com\/vaitempero.com\/wp-content\/uploads\/2021\/09\/Miniatura2.png?fit=1200%2C675&ssl=1&resize=350%2C200 1x, https:\/\/i0.wp.com\/vaitempero.com\/wp-content\/uploads\/2021\/09\/Miniatura2.png?fit=1200%2C675&ssl=1&resize=525%2C300 1.5x, https:\/\/i0.wp.com\/vaitempero.com\/wp-content\/uploads\/2021\/09\/Miniatura2.png?fit=1200%2C675&ssl=1&resize=700%2C400 2x, https:\/\/i0.wp.com\/vaitempero.com\/wp-content\/uploads\/2021\/09\/Miniatura2.png?fit=1200%2C675&ssl=1&resize=1050%2C600 3x"},"classes":[]},{"id":376,"url":"https:\/\/vaitempero.com\/?p=376","url_meta":{"origin":484,"position":3},"title":"Bolo de milho verde sem farinha e sem ovos","author":"Vai Tempero","date":"21 de junho de 2021","format":false,"excerpt":"https:\/\/youtu.be\/cWM2s7mmZDc?cc_load_policy=1 Loja do Vai Tempero: https:\/\/www.magazinevoce.com.br\/magazinevaiTempero Ingredientes Espigas de milho: cerca de 30 espigasLeite: \u00bd x\u00edcaraA\u00e7\u00facar: 1 \u00bd x\u00edcaraSal: 1 colher de ch\u00e1\u00d3leo ou banha: 3 colheres de sopa Como fazer Rale o milhoRaspe as espigasAcrescente os outros ingredientes e mistureUnte uma assadeira com \u00f3leo ou banha derretida.Leve ao forno\u2026","rel":"","context":"Em &quot;Culin\u00e1ria brasileira&quot;","block_context":{"text":"Culin\u00e1ria brasileira","link":"https:\/\/vaitempero.com\/?cat=112"},"img":{"alt_text":"","src":"https:\/\/i0.wp.com\/vaitempero.com\/wp-content\/uploads\/2021\/09\/Miniatura.png?fit=1200%2C675&ssl=1&resize=350%2C200","width":350,"height":200,"srcset":"https:\/\/i0.wp.com\/vaitempero.com\/wp-content\/uploads\/2021\/09\/Miniatura.png?fit=1200%2C675&ssl=1&resize=350%2C200 1x, https:\/\/i0.wp.com\/vaitempero.com\/wp-content\/uploads\/2021\/09\/Miniatura.png?fit=1200%2C675&ssl=1&resize=525%2C300 1.5x, https:\/\/i0.wp.com\/vaitempero.com\/wp-content\/uploads\/2021\/09\/Miniatura.png?fit=1200%2C675&ssl=1&resize=700%2C400 2x, https:\/\/i0.wp.com\/vaitempero.com\/wp-content\/uploads\/2021\/09\/Miniatura.png?fit=1200%2C675&ssl=1&resize=1050%2C600 3x"},"classes":[]},{"id":361,"url":"https:\/\/vaitempero.com\/?p=361","url_meta":{"origin":484,"position":4},"title":"Canjica \/ mungunz\u00e1 salgado delicioso","author":"Vai Tempero","date":"14 de junho de 2021","format":false,"excerpt":"https:\/\/youtu.be\/YWLFgqGt5hQ?cc_load_policy=1 Loja do Vai Tempero: https:\/\/www.magazinevoce.com.br\/magazinevaiTempero\/Receitas Para Secar em 30 Dias 2.0: https:\/\/go.hotmart.com\/U46907312P O mungunz\u00e1 \u00e9 comum em v\u00e1rias partes do pa\u00eds, tendo denomina\u00e7\u00f5es e preparos diferentes. H\u00e1 inclusive duas vers\u00f5es salgadas: uma com milho e outra com milho e feij\u00e3o encontradas no sul do Cear\u00e1 e oeste dos estados\u2026","rel":"","context":"Em &quot;Culin\u00e1ria brasileira&quot;","block_context":{"text":"Culin\u00e1ria brasileira","link":"https:\/\/vaitempero.com\/?cat=112"},"img":{"alt_text":"","src":"https:\/\/i0.wp.com\/vaitempero.com\/wp-content\/uploads\/2021\/06\/Miniatura-1.png?fit=1200%2C675&ssl=1&resize=350%2C200","width":350,"height":200,"srcset":"https:\/\/i0.wp.com\/vaitempero.com\/wp-content\/uploads\/2021\/06\/Miniatura-1.png?fit=1200%2C675&ssl=1&resize=350%2C200 1x, https:\/\/i0.wp.com\/vaitempero.com\/wp-content\/uploads\/2021\/06\/Miniatura-1.png?fit=1200%2C675&ssl=1&resize=525%2C300 1.5x, https:\/\/i0.wp.com\/vaitempero.com\/wp-content\/uploads\/2021\/06\/Miniatura-1.png?fit=1200%2C675&ssl=1&resize=700%2C400 2x, https:\/\/i0.wp.com\/vaitempero.com\/wp-content\/uploads\/2021\/06\/Miniatura-1.png?fit=1200%2C675&ssl=1&resize=1050%2C600 3x"},"classes":[]},{"id":234,"url":"https:\/\/vaitempero.com\/?p=234","url_meta":{"origin":484,"position":5},"title":"Nutella caseira muito f\u00e1cil com 4 ingredientes","author":"Vai Tempero","date":"25 de janeiro de 2021","format":false,"excerpt":"https:\/\/youtu.be\/slQtY6Vyl2I \u00c9 muito mais gostosa que a Nutella industrializada, pois vc sente o gosto da avel\u00e3 de verdade!!! Al\u00e9m de ser muito mais saud\u00e1vel que o potinho industrializado, cujos 55% do seu conte\u00fado s\u00e3o puramente a\u00e7\u00facar refinado; e 23% \u00f3leo de palma. Ingredientes Avel\u00e3: 200 gCacau em p\u00f3: 1\/4 de\u2026","rel":"","context":"Em &quot;Receitas&quot;","block_context":{"text":"Receitas","link":"https:\/\/vaitempero.com\/?cat=19"},"img":{"alt_text":"","src":"https:\/\/i0.wp.com\/vaitempero.com\/wp-content\/uploads\/2021\/02\/Miniatura-14.png?fit=1200%2C675&ssl=1&resize=350%2C200","width":350,"height":200,"srcset":"https:\/\/i0.wp.com\/vaitempero.com\/wp-content\/uploads\/2021\/02\/Miniatura-14.png?fit=1200%2C675&ssl=1&resize=350%2C200 1x, https:\/\/i0.wp.com\/vaitempero.com\/wp-content\/uploads\/2021\/02\/Miniatura-14.png?fit=1200%2C675&ssl=1&resize=525%2C300 1.5x, https:\/\/i0.wp.com\/vaitempero.com\/wp-content\/uploads\/2021\/02\/Miniatura-14.png?fit=1200%2C675&ssl=1&resize=700%2C400 2x, https:\/\/i0.wp.com\/vaitempero.com\/wp-content\/uploads\/2021\/02\/Miniatura-14.png?fit=1200%2C675&ssl=1&resize=1050%2C600 3x"},"classes":[]}],"jetpack_sharing_enabled":true,"_links":{"self":[{"href":"https:\/\/vaitempero.com\/index.php?rest_route=\/wp\/v2\/posts\/484","targetHints":{"allow":["GET"]}}],"collection":[{"href":"https:\/\/vaitempero.com\/index.php?rest_route=\/wp\/v2\/posts"}],"about":[{"href":"https:\/\/vaitempero.com\/index.php?rest_route=\/wp\/v2\/types\/post"}],"author":[{"embeddable":true,"href":"https:\/\/vaitempero.com\/index.php?rest_route=\/wp\/v2\/users\/1"}],"replies":[{"embeddable":true,"href":"https:\/\/vaitempero.com\/index.php?rest_route=%2Fwp%2Fv2%2Fcomments&post=484"}],"version-history":[{"count":2,"href":"https:\/\/vaitempero.com\/index.php?rest_route=\/wp\/v2\/posts\/484\/revisions"}],"predecessor-version":[{"id":504,"href":"https:\/\/vaitempero.com\/index.php?rest_route=\/wp\/v2\/posts\/484\/revisions\/504"}],"wp:featuredmedia":[{"embeddable":true,"href":"https:\/\/vaitempero.com\/index.php?rest_route=\/wp\/v2\/media\/485"}],"wp:attachment":[{"href":"https:\/\/vaitempero.com\/index.php?rest_route=%2Fwp%2Fv2%2Fmedia&parent=484"}],"wp:term":[{"taxonomy":"category","embeddable":true,"href":"https:\/\/vaitempero.com\/index.php?rest_route=%2Fwp%2Fv2%2Fcategories&post=484"},{"taxonomy":"post_tag","embeddable":true,"href":"https:\/\/vaitempero.com\/index.php?rest_route=%2Fwp%2Fv2%2Ftags&post=484"}],"curies":[{"name":"wp","href":"https:\/\/api.w.org\/{rel}","templated":true}]}}