{"id":528,"date":"2022-10-17T12:12:00","date_gmt":"2022-10-17T15:12:00","guid":{"rendered":"https:\/\/vaitempero.com\/?p=528"},"modified":"2024-11-06T16:13:03","modified_gmt":"2024-11-06T19:13:03","slug":"palitos-de-cebola","status":"publish","type":"post","link":"https:\/\/vaitempero.com\/?p=528","title":{"rendered":"Palitos de cebola"},"content":{"rendered":"\n<figure class=\"wp-block-embed is-type-video is-provider-youtube wp-block-embed-youtube wp-embed-aspect-16-9 wp-has-aspect-ratio\"><div class=\"wp-block-embed__wrapper\">\n<div class=\"ast-oembed-container \" style=\"height: 100%;\"><iframe loading=\"lazy\" title=\"Palitos de cebola\" width=\"500\" height=\"281\" src=\"https:\/\/www.youtube.com\/embed\/_NiixhDsqrg?feature=oembed\" frameborder=\"0\" allow=\"accelerometer; autoplay; clipboard-write; encrypted-media; gyroscope; picture-in-picture; web-share\" referrerpolicy=\"strict-origin-when-cross-origin\" allowfullscreen><\/iframe><\/div>\n<\/div><\/figure>\n\n\n\n<h2 class=\"wp-block-heading\">Ingredientes<\/h2>\n\n\n\n<ul class=\"wp-block-list\">\n<li>Farinha de trigo: 500g <\/li>\n\n\n\n<li>2 ovos <\/li>\n\n\n\n<li>Fermento em p\u00f3: 1 col de sopa <\/li>\n\n\n\n<li>Amido de milho: 3 col de sopa <\/li>\n\n\n\n<li>Leite: 1\/2 x\u00edcara <\/li>\n\n\n\n<li>\u00d3leo: 1 x\u00edcara <\/li>\n\n\n\n<li>Queijo ralado: 1 x\u00edcara <\/li>\n\n\n\n<li>Sal a gosto <\/li>\n\n\n\n<li>Pimenta do reino a gosto <\/li>\n\n\n\n<li>3 cebolas m\u00e9dias raladas<\/li>\n<\/ul>\n\n\n\n<hr class=\"wp-block-separator has-alpha-channel-opacity\"\/>\n\n\n\n<p><a href=\"https:\/\/bit.ly\/3OjbECU\" target=\"_blank\" rel=\"noopener\" title=\"\">Forno Mueller: https:\/\/bit.ly\/3OjbECU<\/a><\/p>\n\n\n\n<hr class=\"wp-block-separator has-alpha-channel-opacity\"\/>\n\n\n\n<h2 class=\"wp-block-heading\"><strong>Modo de Preparo:<\/strong><\/h2>\n\n\n\n<ol class=\"wp-block-list\">\n<li>Misture todos os ingredientes secos<\/li>\n\n\n\n<li>Acrescente o restante dos ingredientes e misture at\u00e9 ficar homog\u00eaneo<\/li>\n\n\n\n<li>Se a massa estiver muito mole e pegajosa, adicione mais farinha<\/li>\n\n\n\n<li>Abra uma parte da massa com um rolo, corte as beiradas para ficar reta e corte os palitos<\/li>\n\n\n\n<li>Leve para assar em forno preaquecido em 180\u00b0C at\u00e9 ficarem levemente dourados<\/li>\n<\/ol>\n\n\n\n<p><\/p>\n","protected":false},"excerpt":{"rendered":"<p>Ingredientes Forno Mueller: https:\/\/bit.ly\/3OjbECU Modo de Preparo:<\/p>\n","protected":false},"author":1,"featured_media":530,"comment_status":"open","ping_status":"open","sticky":false,"template":"","format":"standard","meta":{"site-sidebar-layout":"default","site-content-layout":"","ast-site-content-layout":"default","site-content-style":"default","site-sidebar-style":"default","ast-global-header-display":"","ast-banner-title-visibility":"","ast-main-header-display":"","ast-hfb-above-header-display":"","ast-hfb-below-header-display":"","ast-hfb-mobile-header-display":"","site-post-title":"","ast-breadcrumbs-content":"","ast-featured-img":"","footer-sml-layout":"","theme-transparent-header-meta":"","adv-header-id-meta":"","stick-header-meta":"","header-above-stick-meta":"","header-main-stick-meta":"","header-below-stick-meta":"","astra-migrate-meta-layouts":"set","ast-page-background-enabled":"default","ast-page-background-meta":{"desktop":{"background-color":"","background-image":"","background-repeat":"repeat","background-position":"center center","background-size":"auto","background-attachment":"scroll","background-type":"","background-media":"","overlay-type":"","overlay-color":"","overlay-opacity":"","overlay-gradient":""},"tablet":{"background-color":"","background-image":"","background-repeat":"repeat","background-position":"center center","background-size":"auto","background-attachment":"scroll","background-type":"","background-media":"","overlay-type":"","overlay-color":"","overlay-opacity":"","overlay-gradient":""},"mobile":{"background-color":"","background-image":"","background-repeat":"repeat","background-position":"center center","background-size":"auto","background-attachment":"scroll","background-type":"","background-media":"","overlay-type":"","overlay-color":"","overlay-opacity":"","overlay-gradient":""}},"ast-content-background-meta":{"desktop":{"background-color":"var(--ast-global-color-5)","background-image":"","background-repeat":"repeat","background-position":"center center","background-size":"auto","background-attachment":"scroll","background-type":"","background-media":"","overlay-type":"","overlay-color":"","overlay-opacity":"","overlay-gradient":""},"tablet":{"background-color":"var(--ast-global-color-5)","background-image":"","background-repeat":"repeat","background-position":"center center","background-size":"auto","background-attachment":"scroll","background-type":"","background-media":"","overlay-type":"","overlay-color":"","overlay-opacity":"","overlay-gradient":""},"mobile":{"background-color":"var(--ast-global-color-5)","background-image":"","background-repeat":"repeat","background-position":"center center","background-size":"auto","background-attachment":"scroll","background-type":"","background-media":"","overlay-type":"","overlay-color":"","overlay-opacity":"","overlay-gradient":""}},"_jetpack_memberships_contains_paid_content":false,"footnotes":""},"categories":[19,21],"tags":[71,77,1288,1293,90,69,78,1303,75,79,1297,74,1301,1299,1291,1287,1294,1222,80,83,45,48,65,1225,1240,68,73,52],"class_list":["post-528","post","type-post","status-publish","format-standard","has-post-thumbnail","hentry","category-receitas","category-receitas-salgadas","tag-caseira","tag-casera","tag-cebola","tag-cebolla","tag-cheese","tag-closed-captions","tag-comida","tag-eggs","tag-food","tag-homemade","tag-huevos","tag-legendas","tag-onion","tag-onion-sticks","tag-ovos","tag-palitos-de-cebola","tag-palitos-de-cebolla","tag-preservative-free","tag-queijo","tag-queso","tag-receita","tag-receta","tag-recipe","tag-sem-conservantes","tag-sin-conservantes","tag-subtitles","tag-subtitulos","tag-ytccon"],"aioseo_notices":[],"jetpack_featured_media_url":"https:\/\/i0.wp.com\/vaitempero.com\/wp-content\/uploads\/2024\/11\/maxresdefault.webp?fit=1280%2C720&ssl=1","jetpack-related-posts":[{"id":179,"url":"https:\/\/vaitempero.com\/?p=179","url_meta":{"origin":528,"position":0},"title":"Como fazer um risoto de ervilhas f\u00e1cil","author":"Vai Tempero","date":"20 de novembro de 2020","format":false,"excerpt":"https:\/\/youtu.be\/oz1NRGnJ6Es O risoto \u00e9 um prato t\u00edpico italiano em que se fritam levemente as cebolas e o arb\u00f3rio, ou o arroz em manteiga, e se vai gradualmente deitando fundo de carne ou legumes e outros ingredientes, at\u00e9 o arroz estar cozido e n\u00e3o poder absorver mais l\u00edquido Dieta De 18\u2026","rel":"","context":"Em &quot;Culin\u00e1ria italiana&quot;","block_context":{"text":"Culin\u00e1ria italiana","link":"https:\/\/vaitempero.com\/?cat=114"},"img":{"alt_text":"","src":"https:\/\/i0.wp.com\/vaitempero.com\/wp-content\/uploads\/2021\/02\/Miniatura-6-e1613928664366.png?fit=640%2C360&ssl=1&resize=350%2C200","width":350,"height":200,"srcset":"https:\/\/i0.wp.com\/vaitempero.com\/wp-content\/uploads\/2021\/02\/Miniatura-6-e1613928664366.png?fit=640%2C360&ssl=1&resize=350%2C200 1x, https:\/\/i0.wp.com\/vaitempero.com\/wp-content\/uploads\/2021\/02\/Miniatura-6-e1613928664366.png?fit=640%2C360&ssl=1&resize=525%2C300 1.5x"},"classes":[]},{"id":218,"url":"https:\/\/vaitempero.com\/?p=218","url_meta":{"origin":528,"position":1},"title":"Lasanha \u00e0 bolonhesa","author":"Vai Tempero","date":"14 de dezembro de 2020","format":false,"excerpt":"https:\/\/www.youtube.com\/watch?v=2qB6Tg_GF5Y Ingredientes Macarr\u00e3o para lasanhaQueijo mussarelaQueijo parmes\u00e3o Ingredientes para o molho bolonhesa: Cenoura: 50 gramas (\u2248 1\/2 x\u00edcara)Cebola: 50 gramas (\u2248 1\/2 x\u00edcara)Sals\u00e3o: 50 gramas (\u2248 1\/2 x\u00edcara)Alho: 1 denteAzeite\/\u00f3leo\/banha: \u2248 2 colheres de sopaCarne mo\u00edda: 500 gramasVinho branco seco: 1 x\u00edcaraMolho de tomate: 340 gramas (\u2248 1 1\/2 x\u00edcara)\u00c1gua:\u2026","rel":"","context":"Em &quot;Culin\u00e1ria italiana&quot;","block_context":{"text":"Culin\u00e1ria italiana","link":"https:\/\/vaitempero.com\/?cat=114"},"img":{"alt_text":"","src":"https:\/\/i0.wp.com\/vaitempero.com\/wp-content\/uploads\/2021\/02\/Miniatura-13.png?fit=1200%2C675&ssl=1&resize=350%2C200","width":350,"height":200,"srcset":"https:\/\/i0.wp.com\/vaitempero.com\/wp-content\/uploads\/2021\/02\/Miniatura-13.png?fit=1200%2C675&ssl=1&resize=350%2C200 1x, https:\/\/i0.wp.com\/vaitempero.com\/wp-content\/uploads\/2021\/02\/Miniatura-13.png?fit=1200%2C675&ssl=1&resize=525%2C300 1.5x, https:\/\/i0.wp.com\/vaitempero.com\/wp-content\/uploads\/2021\/02\/Miniatura-13.png?fit=1200%2C675&ssl=1&resize=700%2C400 2x, https:\/\/i0.wp.com\/vaitempero.com\/wp-content\/uploads\/2021\/02\/Miniatura-13.png?fit=1200%2C675&ssl=1&resize=1050%2C600 3x"},"classes":[]},{"id":197,"url":"https:\/\/vaitempero.com\/?p=197","url_meta":{"origin":528,"position":2},"title":"Risoto de champignon fresco","author":"Vai Tempero","date":"30 de novembro de 2020","format":false,"excerpt":"https:\/\/youtu.be\/ouns7OCne0E O champignon, tamb\u00e9m chamado champignon de Paris, \u00e9 um cogumelo comest\u00edvel da fam\u00edlia das agaric\u00e1ceas, g\u00e9nero Agaricus ou, no sentido estrito, pertencente \u00e0s esp\u00e9cies Agaricus bisporus ou A. bitorquis, A. campestris, entre outras. Ingredientes Arroz para preparar risoto: 1 x\u00edcaraCogumelo champignon: 200 gramasVinho branco: 1\/2 x\u00edcaraCebola: 1\/2 unidadeParmes\u00e3o: aproximadamente\u2026","rel":"","context":"Em &quot;Culin\u00e1ria italiana&quot;","block_context":{"text":"Culin\u00e1ria italiana","link":"https:\/\/vaitempero.com\/?cat=114"},"img":{"alt_text":"","src":"https:\/\/i0.wp.com\/vaitempero.com\/wp-content\/uploads\/2021\/02\/Miniatura-7.png?fit=1200%2C675&ssl=1&resize=350%2C200","width":350,"height":200,"srcset":"https:\/\/i0.wp.com\/vaitempero.com\/wp-content\/uploads\/2021\/02\/Miniatura-7.png?fit=1200%2C675&ssl=1&resize=350%2C200 1x, https:\/\/i0.wp.com\/vaitempero.com\/wp-content\/uploads\/2021\/02\/Miniatura-7.png?fit=1200%2C675&ssl=1&resize=525%2C300 1.5x, https:\/\/i0.wp.com\/vaitempero.com\/wp-content\/uploads\/2021\/02\/Miniatura-7.png?fit=1200%2C675&ssl=1&resize=700%2C400 2x, https:\/\/i0.wp.com\/vaitempero.com\/wp-content\/uploads\/2021\/02\/Miniatura-7.png?fit=1200%2C675&ssl=1&resize=1050%2C600 3x"},"classes":[]},{"id":441,"url":"https:\/\/vaitempero.com\/?p=441","url_meta":{"origin":528,"position":3},"title":"Kibe de ab\u00f3bora assado | receita vegana \/ vegetariana","author":"Vai Tempero","date":"19 de julho de 2021","format":false,"excerpt":"https:\/\/youtu.be\/3rR7He2BCYU?cc_load_policy=1 Loja do Vai Tempero: https:\/\/www.magazinevoce.com.br\/magazinevaiTempero Ingredientes: Trigo para kibe: 2 \u00bd x\u00edcaras ~ 320 g \u2243 11 oz.\u00c1gua: o suficiente para cobrir o trigo.\u00d3leo: aprox. 1 colher de sopa.Cebola: 1 unidade.Alho: 1 dente.Gengibre a gosto.Salsinha a gosto.Sals\u00e3o a gosto (opcional).Ab\u00f3bora picada: 8 x\u00edcaras ~ 1 kg \u2243 2.2 lb.Sal\u2026","rel":"","context":"Em &quot;Receitas&quot;","block_context":{"text":"Receitas","link":"https:\/\/vaitempero.com\/?cat=19"},"img":{"alt_text":"","src":"https:\/\/i0.wp.com\/vaitempero.com\/wp-content\/uploads\/2022\/06\/Miniatura2.png?fit=1200%2C675&ssl=1&resize=350%2C200","width":350,"height":200,"srcset":"https:\/\/i0.wp.com\/vaitempero.com\/wp-content\/uploads\/2022\/06\/Miniatura2.png?fit=1200%2C675&ssl=1&resize=350%2C200 1x, https:\/\/i0.wp.com\/vaitempero.com\/wp-content\/uploads\/2022\/06\/Miniatura2.png?fit=1200%2C675&ssl=1&resize=525%2C300 1.5x, https:\/\/i0.wp.com\/vaitempero.com\/wp-content\/uploads\/2022\/06\/Miniatura2.png?fit=1200%2C675&ssl=1&resize=700%2C400 2x, https:\/\/i0.wp.com\/vaitempero.com\/wp-content\/uploads\/2022\/06\/Miniatura2.png?fit=1200%2C675&ssl=1&resize=1050%2C600 3x"},"classes":[]},{"id":361,"url":"https:\/\/vaitempero.com\/?p=361","url_meta":{"origin":528,"position":4},"title":"Canjica \/ mungunz\u00e1 salgado delicioso","author":"Vai Tempero","date":"14 de junho de 2021","format":false,"excerpt":"https:\/\/youtu.be\/YWLFgqGt5hQ?cc_load_policy=1 Loja do Vai Tempero: https:\/\/www.magazinevoce.com.br\/magazinevaiTempero\/Receitas Para Secar em 30 Dias 2.0: https:\/\/go.hotmart.com\/U46907312P O mungunz\u00e1 \u00e9 comum em v\u00e1rias partes do pa\u00eds, tendo denomina\u00e7\u00f5es e preparos diferentes. H\u00e1 inclusive duas vers\u00f5es salgadas: uma com milho e outra com milho e feij\u00e3o encontradas no sul do Cear\u00e1 e oeste dos estados\u2026","rel":"","context":"Em &quot;Culin\u00e1ria brasileira&quot;","block_context":{"text":"Culin\u00e1ria brasileira","link":"https:\/\/vaitempero.com\/?cat=112"},"img":{"alt_text":"","src":"https:\/\/i0.wp.com\/vaitempero.com\/wp-content\/uploads\/2021\/06\/Miniatura-1.png?fit=1200%2C675&ssl=1&resize=350%2C200","width":350,"height":200,"srcset":"https:\/\/i0.wp.com\/vaitempero.com\/wp-content\/uploads\/2021\/06\/Miniatura-1.png?fit=1200%2C675&ssl=1&resize=350%2C200 1x, https:\/\/i0.wp.com\/vaitempero.com\/wp-content\/uploads\/2021\/06\/Miniatura-1.png?fit=1200%2C675&ssl=1&resize=525%2C300 1.5x, https:\/\/i0.wp.com\/vaitempero.com\/wp-content\/uploads\/2021\/06\/Miniatura-1.png?fit=1200%2C675&ssl=1&resize=700%2C400 2x, https:\/\/i0.wp.com\/vaitempero.com\/wp-content\/uploads\/2021\/06\/Miniatura-1.png?fit=1200%2C675&ssl=1&resize=1050%2C600 3x"},"classes":[]},{"id":491,"url":"https:\/\/vaitempero.com\/?p=491","url_meta":{"origin":528,"position":5},"title":"Rosquinhas de pinga","author":"Vai Tempero","date":"13 de junho de 2022","format":false,"excerpt":"https:\/\/youtu.be\/jn3JvTYtV_U?cc_load_policy=1 Ingredientes 3 ovosBanha derretida: 1 x\u00edcaraCacha\u00e7a\/pinga: 1 x\u00edcaraA\u00e7\u00facar: 1 x\u00edcaraFermento em p\u00f3: 1 colher de sopaFarinha de trigo Tigela de vidro 4 litros (Magazine Luiza): https:\/\/bit.ly\/3Mw4bzHTigela de vidro 4 litros (Amazon): https:\/\/amzn.to\/3wAAasY Como fazer Misture os ovos, banha, cacha\u00e7a, a\u00e7\u00facar e fermento em p\u00f3.Adicione um pouco da farinha e\u2026","rel":"","context":"Em &quot;Culin\u00e1ria brasileira&quot;","block_context":{"text":"Culin\u00e1ria brasileira","link":"https:\/\/vaitempero.com\/?cat=112"},"img":{"alt_text":"","src":"https:\/\/i0.wp.com\/vaitempero.com\/wp-content\/uploads\/2022\/06\/Miniatura-3.png?fit=1200%2C675&ssl=1&resize=350%2C200","width":350,"height":200,"srcset":"https:\/\/i0.wp.com\/vaitempero.com\/wp-content\/uploads\/2022\/06\/Miniatura-3.png?fit=1200%2C675&ssl=1&resize=350%2C200 1x, https:\/\/i0.wp.com\/vaitempero.com\/wp-content\/uploads\/2022\/06\/Miniatura-3.png?fit=1200%2C675&ssl=1&resize=525%2C300 1.5x, https:\/\/i0.wp.com\/vaitempero.com\/wp-content\/uploads\/2022\/06\/Miniatura-3.png?fit=1200%2C675&ssl=1&resize=700%2C400 2x, https:\/\/i0.wp.com\/vaitempero.com\/wp-content\/uploads\/2022\/06\/Miniatura-3.png?fit=1200%2C675&ssl=1&resize=1050%2C600 3x"},"classes":[]}],"jetpack_sharing_enabled":true,"_links":{"self":[{"href":"https:\/\/vaitempero.com\/index.php?rest_route=\/wp\/v2\/posts\/528","targetHints":{"allow":["GET"]}}],"collection":[{"href":"https:\/\/vaitempero.com\/index.php?rest_route=\/wp\/v2\/posts"}],"about":[{"href":"https:\/\/vaitempero.com\/index.php?rest_route=\/wp\/v2\/types\/post"}],"author":[{"embeddable":true,"href":"https:\/\/vaitempero.com\/index.php?rest_route=\/wp\/v2\/users\/1"}],"replies":[{"embeddable":true,"href":"https:\/\/vaitempero.com\/index.php?rest_route=%2Fwp%2Fv2%2Fcomments&post=528"}],"version-history":[{"count":1,"href":"https:\/\/vaitempero.com\/index.php?rest_route=\/wp\/v2\/posts\/528\/revisions"}],"predecessor-version":[{"id":531,"href":"https:\/\/vaitempero.com\/index.php?rest_route=\/wp\/v2\/posts\/528\/revisions\/531"}],"wp:featuredmedia":[{"embeddable":true,"href":"https:\/\/vaitempero.com\/index.php?rest_route=\/wp\/v2\/media\/530"}],"wp:attachment":[{"href":"https:\/\/vaitempero.com\/index.php?rest_route=%2Fwp%2Fv2%2Fmedia&parent=528"}],"wp:term":[{"taxonomy":"category","embeddable":true,"href":"https:\/\/vaitempero.com\/index.php?rest_route=%2Fwp%2Fv2%2Fcategories&post=528"},{"taxonomy":"post_tag","embeddable":true,"href":"https:\/\/vaitempero.com\/index.php?rest_route=%2Fwp%2Fv2%2Ftags&post=528"}],"curies":[{"name":"wp","href":"https:\/\/api.w.org\/{rel}","templated":true}]}}